{"id":2729,"date":"2019-07-19T16:52:08","date_gmt":"2019-07-19T15:52:08","guid":{"rendered":"https:\/\/dorit-linke.de\/?p=2729"},"modified":"2019-09-12T13:10:09","modified_gmt":"2019-09-12T12:10:09","slug":"an-der-grenze-des-ertraeglichen","status":"publish","type":"post","link":"https:\/\/dorit-linke.de\/en\/blog\/2019\/07\/19\/an-der-grenze-des-ertraeglichen\/","title":{"rendered":"An der Grenze des Ertr\u00e4glichen"},"content":{"rendered":"\n<p>Auch nach 5 Jahren gibt es noch Rezensionen. Das ist angesichts der Menge an B\u00fcchern, die j\u00e4hrlich erscheint, keine Selbstverst\u00e4ndlichkeit. Dank an Saskia Geisler f\u00fcr die sch\u00f6ne Rezension zu &#8220;Jenseits der blauen Grenze&#8221;, auch f\u00fcr die Hinweise zur Schullekt\u00fcre.<\/p>\n\n\n\n<figure class=\"wp-block-embed-wordpress wp-block-embed is-type-wp-embed is-provider-lies-geschichte-de\"><div class=\"wp-block-embed__wrapper\">\nhttps:\/\/lies-geschichte.de\/jenseits-der-blauen-grenze\/\n<\/div><\/figure>\n","protected":false},"excerpt":{"rendered":"<p>Auch nach 5 Jahren gibt es noch Rezensionen. Das ist angesichts der Menge an B\u00fcchern, die j\u00e4hrlich erscheint, keine Selbstverst\u00e4ndlichkeit.&hellip;<\/p>\n","protected":false},"author":1,"featured_media":2731,"comment_status":"closed","ping_status":"closed","sticky":false,"template":"","format":"standard","meta":{"_monsterinsights_skip_tracking":false,"_monsterinsights_sitenote_active":false,"_monsterinsights_sitenote_note":"","_monsterinsights_sitenote_category":0,"footnotes":""},"categories":[86,149],"tags":[57,15,127,35,41,69,40,148,99,36,147],"class_list":["post-2729","post","type-post","status-publish","format-standard","has-post-thumbnail","hentry","category-jenseits-der-blauen-grenze","category-rezension","tag-autorin-dorit-linke","tag-ddr","tag-ddr-literatur","tag-ddr-diktatur","tag-dorit-linke","tag-flucht","tag-jenseits-der-blauen-grenze","tag-jugend-in-der-ddr","tag-jugendwerkhof","tag-mauerfall","tag-rezen"],"_links":{"self":[{"href":"https:\/\/dorit-linke.de\/en\/wp-json\/wp\/v2\/posts\/2729","targetHints":{"allow":["GET"]}}],"collection":[{"href":"https:\/\/dorit-linke.de\/en\/wp-json\/wp\/v2\/posts"}],"about":[{"href":"https:\/\/dorit-linke.de\/en\/wp-json\/wp\/v2\/types\/post"}],"author":[{"embeddable":true,"href":"https:\/\/dorit-linke.de\/en\/wp-json\/wp\/v2\/users\/1"}],"replies":[{"embeddable":true,"href":"https:\/\/dorit-linke.de\/en\/wp-json\/wp\/v2\/comments?post=2729"}],"version-history":[{"count":3,"href":"https:\/\/dorit-linke.de\/en\/wp-json\/wp\/v2\/posts\/2729\/revisions"}],"predecessor-version":[{"id":3137,"href":"https:\/\/dorit-linke.de\/en\/wp-json\/wp\/v2\/posts\/2729\/revisions\/3137"}],"wp:featuredmedia":[{"embeddable":true,"href":"https:\/\/dorit-linke.de\/en\/wp-json\/wp\/v2\/media\/2731"}],"wp:attachment":[{"href":"https:\/\/dorit-linke.de\/en\/wp-json\/wp\/v2\/media?parent=2729"}],"wp:term":[{"taxonomy":"category","embeddable":true,"href":"https:\/\/dorit-linke.de\/en\/wp-json\/wp\/v2\/categories?post=2729"},{"taxonomy":"post_tag","embeddable":true,"href":"https:\/\/dorit-linke.de\/en\/wp-json\/wp\/v2\/tags?post=2729"}],"curies":[{"name":"wp","href":"https:\/\/api.w.org\/{rel}","templated":true}]}}