{"id":3186,"date":"2019-10-15T14:47:42","date_gmt":"2019-10-15T13:47:42","guid":{"rendered":"https:\/\/dorit-linke.de\/?p=3186"},"modified":"2022-10-28T20:44:49","modified_gmt":"2022-10-28T19:44:49","slug":"kinder-und-jugendliteratur-zur-ddr","status":"publish","type":"post","link":"https:\/\/dorit-linke.de\/en\/blog\/2019\/10\/15\/kinder-und-jugendliteratur-zur-ddr\/","title":{"rendered":"Kinder- und Jugendliteratur zur DDR"},"content":{"rendered":"\n<p>&#8220;Jenseits der blauen Grenze&#8221; hat es 5 Jahre nach Erscheinen tats\u00e4chlich in &#8220;Die Zeit&#8221; geschafft &#8211; dank der gro\u00dfartigen Autorenkollegin Susan Kreller. Ich freue mich riesig \u00fcber diese Wertsch\u00e4tzung und meinen Beitrag zur Kinder- und Jugendliteratur zur DDR.<\/p>\n\n\n\n<p> <a href=\"https:\/\/www.zeit.de\/2019\/41\/ddr-geschichte-susan-keller-schriftstellerin-elektrische-fische\/komplettansicht\" target=\"_blank\" rel=\"noreferrer noopener\" aria-label=\" (\u00f6ffnet in neuem Tab)\">&#8220;Auf dem Mifa-Rad zum Ostseestrand&#8221;<\/a> ist ein sehr lesenswerter und kluger Artikel \u00fcber die Kinder- und Jugendliteratur der vergangenen Jahre zum Thema DDR.<\/p>\n\n\n\n<figure class=\"wp-block-image size-large\"><a href=\"https:\/\/dorit-linke.de\/wp-content\/uploads\/2020\/11\/Unterrichtsmaterial-Jenseits-der-blauen-Grenze-2.jpg\"><img loading=\"lazy\" decoding=\"async\" width=\"908\" height=\"1024\" src=\"https:\/\/dorit-linke.de\/wp-content\/uploads\/2020\/11\/Unterrichtsmaterial-Jenseits-der-blauen-Grenze-2-908x1024.jpg\" alt=\"Kinder- und Jugendliteratur zur DDR\" class=\"wp-image-4113\" srcset=\"https:\/\/dorit-linke.de\/wp-content\/uploads\/2020\/11\/Unterrichtsmaterial-Jenseits-der-blauen-Grenze-2-908x1024.jpg 908w, https:\/\/dorit-linke.de\/wp-content\/uploads\/2020\/11\/Unterrichtsmaterial-Jenseits-der-blauen-Grenze-2-266x300.jpg 266w, https:\/\/dorit-linke.de\/wp-content\/uploads\/2020\/11\/Unterrichtsmaterial-Jenseits-der-blauen-Grenze-2-768x866.jpg 768w, https:\/\/dorit-linke.de\/wp-content\/uploads\/2020\/11\/Unterrichtsmaterial-Jenseits-der-blauen-Grenze-2-900x1015.jpg 900w, https:\/\/dorit-linke.de\/wp-content\/uploads\/2020\/11\/Unterrichtsmaterial-Jenseits-der-blauen-Grenze-2-1280x1443.jpg 1280w\" sizes=\"auto, (max-width: 908px) 100vw, 908px\" \/><\/a><\/figure>\n\n\n\n<p><strong> Du m\u00f6chtest informiert bleiben? Dann bitte hier <\/strong><a href=\"https:\/\/dorit-linke.de\/newsletter\/\"><strong>entlang<\/strong><\/a>.<\/p>\n","protected":false},"excerpt":{"rendered":"<p>&#8220;Jenseits der blauen Grenze&#8221; hat es 5 Jahre nach Erscheinen tats\u00e4chlich in &#8220;Die Zeit&#8221; geschafft &#8211; dank der gro\u00dfartigen Autorenkollegin&hellip;<\/p>\n","protected":false},"author":1,"featured_media":284,"comment_status":"closed","ping_status":"closed","sticky":false,"template":"","format":"standard","meta":{"_monsterinsights_skip_tracking":false,"_monsterinsights_sitenote_active":false,"_monsterinsights_sitenote_note":"","_monsterinsights_sitenote_category":0,"footnotes":""},"categories":[85,86,142],"tags":[15,138,23,127,40,168],"class_list":["post-3186","post","type-post","status-publish","format-standard","has-post-thumbnail","hentry","category-politische-bildung","category-jenseits-der-blauen-grenze","category-ostdeutschland","tag-ddr","tag-ddr-aufarbeitung","tag-ddr-autoren","tag-ddr-literatur","tag-jenseits-der-blauen-grenze","tag-jugendliteratur"],"_links":{"self":[{"href":"https:\/\/dorit-linke.de\/en\/wp-json\/wp\/v2\/posts\/3186","targetHints":{"allow":["GET"]}}],"collection":[{"href":"https:\/\/dorit-linke.de\/en\/wp-json\/wp\/v2\/posts"}],"about":[{"href":"https:\/\/dorit-linke.de\/en\/wp-json\/wp\/v2\/types\/post"}],"author":[{"embeddable":true,"href":"https:\/\/dorit-linke.de\/en\/wp-json\/wp\/v2\/users\/1"}],"replies":[{"embeddable":true,"href":"https:\/\/dorit-linke.de\/en\/wp-json\/wp\/v2\/comments?post=3186"}],"version-history":[{"count":7,"href":"https:\/\/dorit-linke.de\/en\/wp-json\/wp\/v2\/posts\/3186\/revisions"}],"predecessor-version":[{"id":6471,"href":"https:\/\/dorit-linke.de\/en\/wp-json\/wp\/v2\/posts\/3186\/revisions\/6471"}],"wp:featuredmedia":[{"embeddable":true,"href":"https:\/\/dorit-linke.de\/en\/wp-json\/wp\/v2\/media\/284"}],"wp:attachment":[{"href":"https:\/\/dorit-linke.de\/en\/wp-json\/wp\/v2\/media?parent=3186"}],"wp:term":[{"taxonomy":"category","embeddable":true,"href":"https:\/\/dorit-linke.de\/en\/wp-json\/wp\/v2\/categories?post=3186"},{"taxonomy":"post_tag","embeddable":true,"href":"https:\/\/dorit-linke.de\/en\/wp-json\/wp\/v2\/tags?post=3186"}],"curies":[{"name":"wp","href":"https:\/\/api.w.org\/{rel}","templated":true}]}}