{"id":3366,"date":"2019-11-26T19:00:30","date_gmt":"2019-11-26T18:00:30","guid":{"rendered":"https:\/\/dorit-linke.de\/?p=3366"},"modified":"2019-11-26T19:45:39","modified_gmt":"2019-11-26T18:45:39","slug":"frischer-irischer-wind-in-mecklenburg","status":"publish","type":"post","link":"https:\/\/dorit-linke.de\/en\/blog\/2019\/11\/26\/frischer-irischer-wind-in-mecklenburg\/","title":{"rendered":"Frischer irischer Wind in Mecklenburg"},"content":{"rendered":"\n<h2 class=\"wp-block-heading\">&#8220;Elektrische Fische&#8221; von Susan Kreller<\/h2>\n\n\n\n<p style=\"background-color:#e2f5f9\" class=\"has-background\">Eben noch tut das Gelesene weh, nimmt die Luft, und im n\u00e4chsten Moment blitzt dieser Humor durch, manchmal subtil, manchmal direkt, immer liebevoll. Susan Kreller ist ihren Protagonisten zugewandt, nimmt sie ernst und behandelt sie mit Respekt. Und sie kann dabei verdammt gut schreiben. Um ehrlich zu sein: es gibt wenige Jugendbuchautor*innen, die so verdammt gut schreiben k\u00f6nnen wie  Susan Kreller. <br><br>\u201eElektrische Fische\u201c ist ein ber\u00fchrendes und kluges Jugendbuch, das sich wichtigen Fragen junger Menschen stellt. Wann geh\u00f6re ich dazu? Wie kann ich mich zugeh\u00f6rig f\u00fchlen, wenn die neue Welt fremd und unverst\u00e4ndlich ist, ich nicht \u00fcber mein Leben und Wohl entscheiden kann?<br><br>Die Handlung setzt ein in einem ziemlich hoffnungslosen und \u00f6den Kaff in Mecklenburg. Doch der trostlose Ort gewinnt unter dem Blick eines M\u00e4dchens, das in Irland gro\u00df geworden ist und nun mitsamt seinen Geschwistern in die alte Heimat der Mutter ziehen muss, nach und nach an Farbe, wird lebendig und bunt \u2013 und mit ihm seine Bewohner. Ganz langsam wird das Heimweh von Emma, die nichts anderes als zur\u00fcck nach Dublin will, milder, weicht auf, verschwindet manchmal sogar. Und irgendwann, wenn der Wind der Ostsee weicher, irischer wird, tut sich ein Schimmer von Hoffnung am Horizont auf. <br><br>Im Grunde ahnt man bereits auf den ersten Romanseiten, dass es genauso kommen wird, kann sich dies aber beim besten Willen nicht vorstellen. Doch Susan Kreller schreibt einfach an gegen diese innere Stimme, die \u201eblo\u00df weg da\u201c ruft, sanft, beharrlich und mitunter sehr komisch. Trotz der schmerzenden Trostlosigkeit, der Emma und ihre Geschwister in der Fremde und durch die Entwurzelung ausgesetzt sind, wei\u00df man sie dennoch besch\u00fctzt in diesem gro\u00dfen Ganzen, das die Autorin f\u00fcr sie erschafft. Und das ist auch n\u00f6tig, denn die Herausforderungen, welche die jungen Menschen hier bew\u00e4ltigen m\u00fcssen, scheinen oft \u00fcberm\u00e4chtig. Das Heimweh ist brachial bis zur Sprachlosigkeit, in der Schule l\u00e4uft es nicht, die \u00c4lteren haben ihre eigenen Probleme, so wie das eben ist. Emma: \u201eMir fallen die W\u00f6rter ein, die ich heute Nachmittag gelernt habe, Kekskuchenw\u00f6rter und Mutterw\u00f6rter, ich denke: Kalter Hund, Essengeldturnschuhe, schizophrene Psychose.\u201c<br><br>Und so braucht Emma eine Weile, wieder Boden zu bekommen, sich zu \u00f6ffnen und Zukunft versuchen zu wollen. Dabei hilft ihr der Mecklenburger Junge Levin und die zwischen ihnen aufkeimende Liebe. Auch Levin ist getrieben und belastet, hat eine psychisch kranke Mutter, will Emma aber dabei helfen, zur\u00fcck nach Irland zu fl\u00fcchten, obwohl sie ihm in der eigenen Verlorenheit gut tut und genau das ist, was er schon lange n\u00f6tig hat.<br><br>Bestechend ist die raffinierte Perspektive, dieser irische Blick auf Ostdeutschland und auf all die Absurdit\u00e4ten, die durch die andere Kultur, den anderen Alltag, die andere Sprache entstehen. Das entspannt die Angelegenheit ungemein, schafft eine wichtige Distanz und damit letztlich wieder N\u00e4he. Emma schaut aber nicht \u201enur\u201c auf ein anderes Land, sondern auch auf ein anderes System, das zwar vergangen, aber in seinen Auswirkungen noch immer sp\u00fcrbar ist. Und so wird es komisch und auch doppelb\u00f6dig, wenn Emma am ersten Schultag fragt, wer denn Th\u00e4lmann war (ausgel\u00f6st durch eine Stra\u00dfe, die so hei\u00dft) und dann selber raten soll. Ein Graf vielleicht? Und daf\u00fcr ein ruppiges deutsches \u201eFalsch!\u201c erntet. <br><br>Meisterhaft webt Susan Kreller auf diese Art die DDR und die Erfahrungen ihrer Menschen in die Emanzipationsgeschichte von Emma hinein, mit einem \u00fcberraschenden Effekt. Es scheint, als w\u00e4re dieser weiter entfernte Blick und der gr\u00f6\u00dfere Kontext durchaus geeignet, sich dieser Welt anzun\u00e4hern.<br><br>Mit \u201eElektrische Fische\u201c erz\u00e4hlt Susan Kreller eine wahrhaftige Geschichte vom Erwachsenwerden und davon, dass Zugeh\u00f6rigkeit oder \u201eHeimat\u201c oder \u201ehome\u201c ein Prozess ist, der gern lange andauern kann &#8211; insofern er so menschlich und offen angeschaut wird wie in diesem wunderbaren Roman. <br><br>Erschienen im Carlsen Verlag<\/p>\n\n\n\n<figure class=\"wp-block-image\"><img loading=\"lazy\" decoding=\"async\" width=\"768\" height=\"1024\" src=\"https:\/\/dorit-linke.de\/wp-content\/uploads\/2019\/11\/Elektische-Fische-e1574788555968-768x1024.jpg\" alt=\"\" class=\"wp-image-3367\" srcset=\"https:\/\/dorit-linke.de\/wp-content\/uploads\/2019\/11\/Elektische-Fische-e1574788555968-768x1024.jpg 768w, https:\/\/dorit-linke.de\/wp-content\/uploads\/2019\/11\/Elektische-Fische-e1574788555968-225x300.jpg 225w, https:\/\/dorit-linke.de\/wp-content\/uploads\/2019\/11\/Elektische-Fische-e1574788555968-900x1200.jpg 900w, https:\/\/dorit-linke.de\/wp-content\/uploads\/2019\/11\/Elektische-Fische-e1574788555968-1280x1707.jpg 1280w\" sizes=\"auto, (max-width: 768px) 100vw, 768px\" \/><\/figure>\n","protected":false},"excerpt":{"rendered":"<p>&#8220;Elektrische Fische&#8221; von Susan Kreller Eben noch tut das Gelesene weh, nimmt die Luft, und im n\u00e4chsten Moment blitzt dieser&hellip;<\/p>\n","protected":false},"author":1,"featured_media":3368,"comment_status":"closed","ping_status":"closed","sticky":false,"template":"","format":"standard","meta":{"_monsterinsights_skip_tracking":false,"_monsterinsights_sitenote_active":false,"_monsterinsights_sitenote_note":"","_monsterinsights_sitenote_category":0,"footnotes":""},"categories":[142,85],"tags":[188,185,189,187,17,29,186],"class_list":["post-3366","post","type-post","status-publish","format-standard","has-post-thumbnail","hentry","category-ostdeutschland","category-politische-bildung","tag-dublin","tag-elektrische-fische","tag-irland","tag-mecklenburg","tag-ostdeutschland","tag-rezension","tag-susan-kreller"],"_links":{"self":[{"href":"https:\/\/dorit-linke.de\/en\/wp-json\/wp\/v2\/posts\/3366","targetHints":{"allow":["GET"]}}],"collection":[{"href":"https:\/\/dorit-linke.de\/en\/wp-json\/wp\/v2\/posts"}],"about":[{"href":"https:\/\/dorit-linke.de\/en\/wp-json\/wp\/v2\/types\/post"}],"author":[{"embeddable":true,"href":"https:\/\/dorit-linke.de\/en\/wp-json\/wp\/v2\/users\/1"}],"replies":[{"embeddable":true,"href":"https:\/\/dorit-linke.de\/en\/wp-json\/wp\/v2\/comments?post=3366"}],"version-history":[{"count":6,"href":"https:\/\/dorit-linke.de\/en\/wp-json\/wp\/v2\/posts\/3366\/revisions"}],"predecessor-version":[{"id":3375,"href":"https:\/\/dorit-linke.de\/en\/wp-json\/wp\/v2\/posts\/3366\/revisions\/3375"}],"wp:featuredmedia":[{"embeddable":true,"href":"https:\/\/dorit-linke.de\/en\/wp-json\/wp\/v2\/media\/3368"}],"wp:attachment":[{"href":"https:\/\/dorit-linke.de\/en\/wp-json\/wp\/v2\/media?parent=3366"}],"wp:term":[{"taxonomy":"category","embeddable":true,"href":"https:\/\/dorit-linke.de\/en\/wp-json\/wp\/v2\/categories?post=3366"},{"taxonomy":"post_tag","embeddable":true,"href":"https:\/\/dorit-linke.de\/en\/wp-json\/wp\/v2\/tags?post=3366"}],"curies":[{"name":"wp","href":"https:\/\/api.w.org\/{rel}","templated":true}]}}