{"id":3689,"date":"2020-04-27T09:15:04","date_gmt":"2020-04-27T08:15:04","guid":{"rendered":"https:\/\/dorit-linke.de\/?p=3689"},"modified":"2022-05-26T16:38:17","modified_gmt":"2022-05-26T15:38:17","slug":"grosses-kino-warten-aufn-bus","status":"publish","type":"post","link":"https:\/\/dorit-linke.de\/en\/blog\/2020\/04\/27\/grosses-kino-warten-aufn-bus\/","title":{"rendered":"Gro\u00dfes Kino: Warten auf den Bus"},"content":{"rendered":"\n<p>Also mal wieder Ostdeutschland, nach unz\u00e4hligen B\u00fcchern und Filmen, nach oftmals halbgaren Versuchen, den Osten zu erz\u00e4hlen, ihn in ein zu enges Korsett zu zw\u00e4ngen, damit ein abschlie\u00dfendes und irgendwie vers\u00f6hnliches: &#8220;Ja, so war das&#8221; m\u00f6glich wird.<\/p>\n\n\n\n<p>Und pl\u00f6tzlich ist da <strong>&#8220;Warten auf&#8217;n Bus&#8221;<\/strong>, eine Mini-Serie vom Regisseur <strong>Dirk Kummer<\/strong> nach dem Drehbuch von<strong> Oliver Bukowski<\/strong>, die zu keinem Zeitpunkt auf einfache Erkl\u00e4rungen abzielt, sondern mit ihrer Intelligenz und Warmherzigkeit mitten in Mark und Herz trifft. Wie selbstverst\u00e4ndlich ist die Serie da, und man fragt sich, was man ohne sie all die Jahre eigentlich gemacht hat.<\/p>\n\n\n\n<p>In &#8220;Warten auf&#8217;n Bus&#8221; geht es um weit mehr als \u201enur\u201c eine M\u00e4nnerfreundschaft in einer strukturschwachen Region, um mehr als Gerangel um eine Frau, um mehr als schlaue Spr\u00fcche (diese sind zugegeben frappierend klug und schlagfertig). Es geht ums Eingemachte, um einst kraftvolle Leben, die zum Halten gekommen und auf der Strecke geblieben sind. Und es geht nicht um Schuld. Was soll man auch sagen? Haut doch ab? Wohin denn? Und was genau sollen die Menschen tun, die nicht weggehen konnten, es nicht wollten, aus Gr\u00fcnden?<\/p>\n\n\n\n<p>Davon erz\u00e4hlen Hannes und Ralle (grandios: <strong>Ronald Zehrfeld<\/strong> und <strong>Felix Kramer<\/strong>) an ihrer Bushaltestelle, mal ganz leise, mal ganz laut, zanken wie ein altes Ehepaar, kloppen sich, lachen begeistert \u00fcber ihre eigenen Witze, sind oftmals und verst\u00e4ndlicherweise zynisch, bewegen sich schwindelerregend nahe an menschlichen Abgr\u00fcnden und finden immer wieder vers\u00f6hnlich zueinander &#8211; durch Kommunikation und im st\u00e4ndigen Ringen um Wertsch\u00e4tzung und Selbstachtung. Bei all dem Aufbegehren werden sie begleitet vom treuen Hund <strong>Maik <\/strong>(typisch ostdeutsch mit \u201eai\u201c).<\/p>\n\n\n\n<p>In regelm\u00e4\u00dfigen Abst\u00e4nden zeigt sich die Liebe. Den beiden Protagonisten und<br>auch den Zuschauern wird schnell klar, dass diese nicht erf\u00fcllt werden wird, zumindest nicht so, wie man sich dies vielleicht vorstellt. Die Busfahrerin Kathrin (grandios: <strong>J\u00f6rdis Triebel<\/strong>) steht f\u00fcr das sture Nichtaufgebenwollen der Hoffnung, sie ist ein wohltuendes Bild f\u00fcr die Wahrung der W\u00fcrde in einer recht aussichtslosen Lage. Und sie schenkt uns in einer gleicherma\u00dfen brachialen, witzigen und todernsten Situation eine wunderbar emanzipierte Naziverkloppszene.<\/p>\n\n\n\n<p>F\u00fcr mich geh\u00f6rt dieses Trio zu den st\u00e4rksten ostdeutschen Charakteren, die im Film bisher gezeigt worden sind. Es sind gebrochene Menschen und auch wieder nicht, sie schw\u00e4rmen von fr\u00fcher, von besseren Zeiten, erz\u00e4hlen von ihren Tr\u00e4umen und von ihrer Jugend, verkl\u00e4ren dabei aber zu keinem Zeitpunkt die DDR, sondern ordnen sich, ihre Br\u00fcche, ihren Schmerz ein in den gesellschaftlichen Wandel, bleiben dabei aber kritisch und offen, wehren sich gegen Anma\u00dfung und Dummheit. <\/p>\n\n\n\n<p>Diesen Spagat zu schaffen in einer Kultur, die Geschichte(n) gern vereinfacht f\u00fcr den sogenannten Mainstream aufbereitet, und dann auch noch in dieser Komplexit\u00e4t filmisch darzustellen &#8211; das ist eine Meisterleistung von Regie, Drehbuch und Darstellern.<\/p>\n\n\n\n<p>Am Ende denkt man kein abschlie\u00dfendes &#8220;Ja, so war das\u201c. Man denkt: \u201eJa, so war das, so ist das, so bleibt es vermutlich auch noch eine Weile.&#8221; Und dann schaut man die ganze Serie noch einmal von vorne an.<\/p>\n\n\n\n<figure class=\"wp-block-image\"><a href=\"https:\/\/www.ardmediathek.de\/ard\/shows\/Y3JpZDovL3JiYi1vbmxpbmUuZGUvd2FydGVuLWF1Zm4tYnVz\/warten-auf-n-bus\" target=\"_blank\" rel=\"noreferrer noopener\"><img decoding=\"async\" src=\"https:\/\/dorit-linke.de\/wp-content\/uploads\/2020\/04\/Bus-1024x259.jpg\" alt=\"\" class=\"wp-image-3690\"\/><\/a><\/figure>\n","protected":false},"excerpt":{"rendered":"<p>Also mal wieder Ostdeutschland, nach unz\u00e4hligen B\u00fcchern und Filmen, nach oftmals halbgaren Versuchen, den Osten zu erz\u00e4hlen, ihn in ein&hellip;<\/p>\n","protected":false},"author":1,"featured_media":0,"comment_status":"closed","ping_status":"closed","sticky":false,"template":"","format":"standard","meta":{"_monsterinsights_skip_tracking":false,"_monsterinsights_sitenote_active":false,"_monsterinsights_sitenote_note":"","_monsterinsights_sitenote_category":0,"footnotes":""},"categories":[142],"tags":[226,229,225,230,231,17,29,228],"class_list":["post-3689","post","type-post","status-publish","format-standard","hentry","category-ostdeutschland","tag-dirk-kummer","tag-felix-kramer","tag-fernsehserie","tag-joerdis-triebel","tag-oliver-bukowski","tag-ostdeutschland","tag-rezension","tag-ronald-zehrfeld"],"_links":{"self":[{"href":"https:\/\/dorit-linke.de\/en\/wp-json\/wp\/v2\/posts\/3689","targetHints":{"allow":["GET"]}}],"collection":[{"href":"https:\/\/dorit-linke.de\/en\/wp-json\/wp\/v2\/posts"}],"about":[{"href":"https:\/\/dorit-linke.de\/en\/wp-json\/wp\/v2\/types\/post"}],"author":[{"embeddable":true,"href":"https:\/\/dorit-linke.de\/en\/wp-json\/wp\/v2\/users\/1"}],"replies":[{"embeddable":true,"href":"https:\/\/dorit-linke.de\/en\/wp-json\/wp\/v2\/comments?post=3689"}],"version-history":[{"count":50,"href":"https:\/\/dorit-linke.de\/en\/wp-json\/wp\/v2\/posts\/3689\/revisions"}],"predecessor-version":[{"id":5792,"href":"https:\/\/dorit-linke.de\/en\/wp-json\/wp\/v2\/posts\/3689\/revisions\/5792"}],"wp:attachment":[{"href":"https:\/\/dorit-linke.de\/en\/wp-json\/wp\/v2\/media?parent=3689"}],"wp:term":[{"taxonomy":"category","embeddable":true,"href":"https:\/\/dorit-linke.de\/en\/wp-json\/wp\/v2\/categories?post=3689"},{"taxonomy":"post_tag","embeddable":true,"href":"https:\/\/dorit-linke.de\/en\/wp-json\/wp\/v2\/tags?post=3689"}],"curies":[{"name":"wp","href":"https:\/\/api.w.org\/{rel}","templated":true}]}}