{"id":3786,"date":"2020-05-08T19:46:48","date_gmt":"2020-05-08T18:46:48","guid":{"rendered":"https:\/\/dorit-linke.de\/?p=3786"},"modified":"2023-03-24T15:59:53","modified_gmt":"2023-03-24T14:59:53","slug":"so-leicht-kommen-wir-nicht-davon","status":"publish","type":"post","link":"https:\/\/dorit-linke.de\/en\/blog\/2020\/05\/08\/so-leicht-kommen-wir-nicht-davon\/","title":{"rendered":"So leicht kommen wir nicht davon"},"content":{"rendered":"\n<p class=\"has-background\" style=\"background-color:#c0e6f7\">Anfang Mai durfte ich zur virtuellen Ringvorlesung <strong>&#8220;Grenzen, Wenden, Umbr\u00fcche. Mauerf\u00e4lle in Literatur, Musik und Film&#8221;<\/strong> der Friedrich-Alexander-Universit\u00e4t Erlangen-N\u00fcrnberg beitragen. <br><br><strong>Maren Conrad, Juniorprofessorin f\u00fcr Neuere deutsche Literatur<\/strong>, Schwerpunkt Kinder- und Jugendliteratur, und ich haben Onlinelesungen zu <strong>&#8220;Jenseits der blauen Grenze&#8221;<\/strong> und zu <strong>&#8220;So leicht kommen wir nicht davon&#8221;<\/strong> (Roman ist in Arbeit) durchgef\u00fchrt und au\u00dferdem einen <strong>Podcast <\/strong>aufgenommen. Wir sprachen \u00fcber die Bedeutung von <strong>Geschichtsvermittlung <\/strong>an Schulen, \u00fcber die <strong>DDR <\/strong>und \u00fcber Rostock-Lichtenhagen.<br><br>&#8220;Schreiben \u00fcber die DDR. Ein Werkstattgespr\u00e4ch zu Romanprojekten &#8211;  Schweigen, Gewalt und Wegschauen in der DDR als ein Motor der rassistischen \u00dcbergriffe in <strong>Rostock-Lichtenhagen 1992.<\/strong>&#8221; <br><br>H\u00f6rt doch mal rein, ich w\u00fcrde mich freuen:<\/p>\n\n\n\n<p class=\"has-black-color has-light-green-cyan-background-color has-text-color has-background has-large-font-size\"><a aria-label=\" (\u00f6ffnet in neuem Tab)\" rel=\"noreferrer noopener\" href=\"https:\/\/dorit-linke.de\/wp-content\/uploads\/2020\/05\/RVL-Sitzung-03-Gespr\u00e4ch-mit-Dorit-Linke.mp3\" target=\"_blank\"><strong>Podcast Ringvorlesung: mit Maren Conrad (Universit\u00e4t Erlangen) und Dorit Linke<\/strong><\/a><\/p>\n\n\n\n<p class=\"has-white-color has-text-color\">.<\/p>\n\n\n\n<figure class=\"wp-block-image\"><img loading=\"lazy\" decoding=\"async\" width=\"635\" height=\"908\" src=\"https:\/\/dorit-linke.de\/wp-content\/uploads\/2020\/12\/Poster.jpg\" alt=\"\" class=\"wp-image-4158\" srcset=\"https:\/\/dorit-linke.de\/wp-content\/uploads\/2020\/12\/Poster.jpg 635w, https:\/\/dorit-linke.de\/wp-content\/uploads\/2020\/12\/Poster-210x300.jpg 210w\" sizes=\"auto, (max-width: 635px) 100vw, 635px\" \/><\/figure>\n\n\n\n<p><br><br><br><br><\/p>\n","protected":false},"excerpt":{"rendered":"<p>Anfang Mai durfte ich zur virtuellen Ringvorlesung &#8220;Grenzen, Wenden, Umbr\u00fcche. Mauerf\u00e4lle in Literatur, Musik und Film&#8221; der Friedrich-Alexander-Universit\u00e4t Erlangen-N\u00fcrnberg beitragen.&hellip;<\/p>\n","protected":false},"author":1,"featured_media":0,"comment_status":"closed","ping_status":"closed","sticky":false,"template":"","format":"standard","meta":{"_monsterinsights_skip_tracking":false,"_monsterinsights_sitenote_active":false,"_monsterinsights_sitenote_note":"","_monsterinsights_sitenote_category":0,"footnotes":""},"categories":[85,142],"tags":[57,429,15,41,199,17,234,16,68,235,236],"class_list":["post-3786","post","type-post","status-publish","format-standard","hentry","category-politische-bildung","category-ostdeutschland","tag-autorin-dorit-linke","tag-buecher-ueber-die-ddr","tag-ddr","tag-dorit-linke","tag-onlinelesung","tag-ostdeutschland","tag-podcast","tag-rechtsradikalismus","tag-rostock","tag-rostock-lichtenhagen-1992","tag-universitaet-erlangen"],"_links":{"self":[{"href":"https:\/\/dorit-linke.de\/en\/wp-json\/wp\/v2\/posts\/3786","targetHints":{"allow":["GET"]}}],"collection":[{"href":"https:\/\/dorit-linke.de\/en\/wp-json\/wp\/v2\/posts"}],"about":[{"href":"https:\/\/dorit-linke.de\/en\/wp-json\/wp\/v2\/types\/post"}],"author":[{"embeddable":true,"href":"https:\/\/dorit-linke.de\/en\/wp-json\/wp\/v2\/users\/1"}],"replies":[{"embeddable":true,"href":"https:\/\/dorit-linke.de\/en\/wp-json\/wp\/v2\/comments?post=3786"}],"version-history":[{"count":20,"href":"https:\/\/dorit-linke.de\/en\/wp-json\/wp\/v2\/posts\/3786\/revisions"}],"predecessor-version":[{"id":6768,"href":"https:\/\/dorit-linke.de\/en\/wp-json\/wp\/v2\/posts\/3786\/revisions\/6768"}],"wp:attachment":[{"href":"https:\/\/dorit-linke.de\/en\/wp-json\/wp\/v2\/media?parent=3786"}],"wp:term":[{"taxonomy":"category","embeddable":true,"href":"https:\/\/dorit-linke.de\/en\/wp-json\/wp\/v2\/categories?post=3786"},{"taxonomy":"post_tag","embeddable":true,"href":"https:\/\/dorit-linke.de\/en\/wp-json\/wp\/v2\/tags?post=3786"}],"curies":[{"name":"wp","href":"https:\/\/api.w.org\/{rel}","templated":true}]}}