{"id":4308,"date":"2021-01-15T19:59:41","date_gmt":"2021-01-15T18:59:41","guid":{"rendered":"https:\/\/dorit-linke.de\/?p=4308"},"modified":"2021-01-29T12:28:24","modified_gmt":"2021-01-29T11:28:24","slug":"out-now-ein-fall-fuer-die-tierretter","status":"publish","type":"post","link":"https:\/\/dorit-linke.de\/en\/blog\/2021\/01\/15\/out-now-ein-fall-fuer-die-tierretter\/","title":{"rendered":"Out now: &#8220;Ein Fall f\u00fcr die Tierretter&#8221;"},"content":{"rendered":"\n<p class=\"has-background has-regular-font-size\" style=\"background-color:#bdedbf\"><strong>Spotlight! \ud83d\ude42 Alle mal herh\u00f6ren: <\/strong><br><br>Ich habe ein Buch f\u00fcr die Knirpse unter euch geschrieben, das eine spannende und klasse illustrierte <strong>Geschichte <\/strong>erz\u00e4hlt. <br><br>Es geht um ein Tier, das vom <strong>Aussterben <\/strong>bedroht ist, in unseren Regionen vor allem aufgrund der Intensivlandwirtschaft. Setzt sich der Trend fort, wird es den <strong>Feldhamster <\/strong>bald nicht mehr geben.<\/p>\n\n\n\n<figure class=\"wp-block-image size-large\"><a href=\"https:\/\/dorit-linke.de\/wp-content\/uploads\/2021\/01\/Ein-Fall-fuer-die-Tierretter-3-scaled.jpg\"><img loading=\"lazy\" decoding=\"async\" width=\"1024\" height=\"768\" src=\"https:\/\/dorit-linke.de\/wp-content\/uploads\/2021\/01\/Ein-Fall-fuer-die-Tierretter-3-1024x768.jpg\" alt=\"\" class=\"wp-image-4311\" srcset=\"https:\/\/dorit-linke.de\/wp-content\/uploads\/2021\/01\/Ein-Fall-fuer-die-Tierretter-3-1024x768.jpg 1024w, https:\/\/dorit-linke.de\/wp-content\/uploads\/2021\/01\/Ein-Fall-fuer-die-Tierretter-3-300x225.jpg 300w, https:\/\/dorit-linke.de\/wp-content\/uploads\/2021\/01\/Ein-Fall-fuer-die-Tierretter-3-768x576.jpg 768w, https:\/\/dorit-linke.de\/wp-content\/uploads\/2021\/01\/Ein-Fall-fuer-die-Tierretter-3-1536x1152.jpg 1536w, https:\/\/dorit-linke.de\/wp-content\/uploads\/2021\/01\/Ein-Fall-fuer-die-Tierretter-3-2048x1536.jpg 2048w, https:\/\/dorit-linke.de\/wp-content\/uploads\/2021\/01\/Ein-Fall-fuer-die-Tierretter-3-900x675.jpg 900w, https:\/\/dorit-linke.de\/wp-content\/uploads\/2021\/01\/Ein-Fall-fuer-die-Tierretter-3-1280x960.jpg 1280w\" sizes=\"auto, (max-width: 1024px) 100vw, 1024px\" \/><\/a><figcaption>mde<\/figcaption><\/figure>\n\n\n\n<p class=\"has-background\" style=\"background-color:#bdedbf\">Erst Ende Dezember 2020 hat die <strong>Tierschutzorganisation<\/strong> <strong>WWF <\/strong>bekannt gegeben: <strong>&#8220;Der Feldhamster ist das Verlierer-Tier des Jahres 2020.&#8221; <\/strong><br><br>Das B\u00fcchlein soll den Kleinen nat\u00fcrlich in erster Linie Spa\u00df und Freude bereiten, aber eben auch ein <strong>Bewusstsein <\/strong>daf\u00fcr schaffen, welche Auswirkungen unsere <strong>Lebensweise <\/strong>auf <strong>andere Arten <\/strong>haben kann.<\/p>\n\n\n\n<p class=\"has-background\" style=\"background-color:#bdedbf\"><strong>Erschienen im Loewe Verlag<\/strong> und wunderbar illustriert von <strong>Silvio Neuendorf<\/strong><\/p>\n\n\n\n<figure class=\"wp-block-image size-large\"><a href=\"https:\/\/dorit-linke.de\/wp-content\/uploads\/2021\/01\/Ein-Fall-fuer-die-Tierretter-5-scaled.jpg\"><img loading=\"lazy\" decoding=\"async\" width=\"768\" height=\"1024\" src=\"https:\/\/dorit-linke.de\/wp-content\/uploads\/2021\/01\/Ein-Fall-fuer-die-Tierretter-5-768x1024.jpg\" alt=\"\" class=\"wp-image-4313\" srcset=\"https:\/\/dorit-linke.de\/wp-content\/uploads\/2021\/01\/Ein-Fall-fuer-die-Tierretter-5-768x1024.jpg 768w, https:\/\/dorit-linke.de\/wp-content\/uploads\/2021\/01\/Ein-Fall-fuer-die-Tierretter-5-225x300.jpg 225w, https:\/\/dorit-linke.de\/wp-content\/uploads\/2021\/01\/Ein-Fall-fuer-die-Tierretter-5-1152x1536.jpg 1152w, https:\/\/dorit-linke.de\/wp-content\/uploads\/2021\/01\/Ein-Fall-fuer-die-Tierretter-5-1536x2048.jpg 1536w, https:\/\/dorit-linke.de\/wp-content\/uploads\/2021\/01\/Ein-Fall-fuer-die-Tierretter-5-900x1200.jpg 900w, https:\/\/dorit-linke.de\/wp-content\/uploads\/2021\/01\/Ein-Fall-fuer-die-Tierretter-5-1280x1707.jpg 1280w, https:\/\/dorit-linke.de\/wp-content\/uploads\/2021\/01\/Ein-Fall-fuer-die-Tierretter-5-scaled.jpg 1920w\" sizes=\"auto, (max-width: 768px) 100vw, 768px\" \/><\/a><\/figure>\n\n\n\n<figure class=\"wp-block-image size-large\"><a href=\"https:\/\/dorit-linke.de\/wp-content\/uploads\/2021\/01\/Ein-Fall-fuer-die-Tierretter-1-scaled.jpg\"><img loading=\"lazy\" decoding=\"async\" width=\"1024\" height=\"768\" src=\"https:\/\/dorit-linke.de\/wp-content\/uploads\/2021\/01\/Ein-Fall-fuer-die-Tierretter-1-1024x768.jpg\" alt=\"\" class=\"wp-image-4312\" srcset=\"https:\/\/dorit-linke.de\/wp-content\/uploads\/2021\/01\/Ein-Fall-fuer-die-Tierretter-1-1024x768.jpg 1024w, https:\/\/dorit-linke.de\/wp-content\/uploads\/2021\/01\/Ein-Fall-fuer-die-Tierretter-1-300x225.jpg 300w, https:\/\/dorit-linke.de\/wp-content\/uploads\/2021\/01\/Ein-Fall-fuer-die-Tierretter-1-768x576.jpg 768w, https:\/\/dorit-linke.de\/wp-content\/uploads\/2021\/01\/Ein-Fall-fuer-die-Tierretter-1-1536x1152.jpg 1536w, https:\/\/dorit-linke.de\/wp-content\/uploads\/2021\/01\/Ein-Fall-fuer-die-Tierretter-1-2048x1536.jpg 2048w, https:\/\/dorit-linke.de\/wp-content\/uploads\/2021\/01\/Ein-Fall-fuer-die-Tierretter-1-900x675.jpg 900w, https:\/\/dorit-linke.de\/wp-content\/uploads\/2021\/01\/Ein-Fall-fuer-die-Tierretter-1-1280x960.jpg 1280w\" sizes=\"auto, (max-width: 1024px) 100vw, 1024px\" \/><\/a><\/figure>\n\n\n\n<div class=\"wp-block-buttons is-layout-flex wp-block-buttons-is-layout-flex\">\n<div class=\"wp-block-button\"><a class=\"wp-block-button__link\" href=\"https:\/\/www.loewe-verlag.de\/titel-0-0\/leseloewen_2_klasse_ein_fall_fuer_die_tierretter-9805\/\" target=\"_blank\" rel=\"noreferrer noopener\">Hier geht es zum Buch auf der Loewe-Homepage<\/a><\/div>\n<\/div>\n\n\n\n<div class=\"wp-block-buttons is-layout-flex wp-block-buttons-is-layout-flex\"><\/div>\n\n\n\n<div class=\"wp-block-buttons is-layout-flex wp-block-buttons-is-layout-flex\"><\/div>\n","protected":false},"excerpt":{"rendered":"<p>Spotlight! \ud83d\ude42 Alle mal herh\u00f6ren: Ich habe ein Buch f\u00fcr die Knirpse unter euch geschrieben, das eine spannende und klasse&hellip;<\/p>\n","protected":false},"author":1,"featured_media":4309,"comment_status":"closed","ping_status":"closed","sticky":false,"template":"","format":"standard","meta":{"_monsterinsights_skip_tracking":false,"_monsterinsights_sitenote_active":false,"_monsterinsights_sitenote_note":"","_monsterinsights_sitenote_category":0,"footnotes":""},"categories":[331],"tags":[41,339,333,335,336,340,338,337,334,332],"class_list":["post-4308","post","type-post","status-publish","format-standard","has-post-thumbnail","hentry","category-tierretter","tag-dorit-linke","tag-ein-fall-fuer-die-tierretter","tag-feldhamster","tag-feldhamsterschutz","tag-kinderbuch","tag-landwirtschaft","tag-loewe-verlag","tag-rote-liste","tag-silvio-neuendorf","tag-umweltschutz"],"_links":{"self":[{"href":"https:\/\/dorit-linke.de\/en\/wp-json\/wp\/v2\/posts\/4308","targetHints":{"allow":["GET"]}}],"collection":[{"href":"https:\/\/dorit-linke.de\/en\/wp-json\/wp\/v2\/posts"}],"about":[{"href":"https:\/\/dorit-linke.de\/en\/wp-json\/wp\/v2\/types\/post"}],"author":[{"embeddable":true,"href":"https:\/\/dorit-linke.de\/en\/wp-json\/wp\/v2\/users\/1"}],"replies":[{"embeddable":true,"href":"https:\/\/dorit-linke.de\/en\/wp-json\/wp\/v2\/comments?post=4308"}],"version-history":[{"count":17,"href":"https:\/\/dorit-linke.de\/en\/wp-json\/wp\/v2\/posts\/4308\/revisions"}],"predecessor-version":[{"id":4430,"href":"https:\/\/dorit-linke.de\/en\/wp-json\/wp\/v2\/posts\/4308\/revisions\/4430"}],"wp:featuredmedia":[{"embeddable":true,"href":"https:\/\/dorit-linke.de\/en\/wp-json\/wp\/v2\/media\/4309"}],"wp:attachment":[{"href":"https:\/\/dorit-linke.de\/en\/wp-json\/wp\/v2\/media?parent=4308"}],"wp:term":[{"taxonomy":"category","embeddable":true,"href":"https:\/\/dorit-linke.de\/en\/wp-json\/wp\/v2\/categories?post=4308"},{"taxonomy":"post_tag","embeddable":true,"href":"https:\/\/dorit-linke.de\/en\/wp-json\/wp\/v2\/tags?post=4308"}],"curies":[{"name":"wp","href":"https:\/\/api.w.org\/{rel}","templated":true}]}}