{"id":7019,"date":"2023-08-24T15:05:07","date_gmt":"2023-08-24T14:05:07","guid":{"rendered":"https:\/\/dorit-linke.de\/?p=7019"},"modified":"2023-09-07T08:39:41","modified_gmt":"2023-09-07T07:39:41","slug":"jenseits-der-blauen-grenze-am-nationaltheater-weimar","status":"publish","type":"post","link":"https:\/\/dorit-linke.de\/en\/blog\/2023\/08\/24\/jenseits-der-blauen-grenze-am-nationaltheater-weimar\/","title":{"rendered":"Jenseits der blauen Grenze am Nationaltheater Weimar"},"content":{"rendered":"\n<p>Eine sch\u00f6ne Nachricht kommt durch das Sommerloch geschwommen: <em>Jenseits der blauen Grenze<\/em> wird am Nationaltheater Weimar aufgef\u00fchrt. Die Premiere ist am <strong>24. November 2023<\/strong>. Pure Freude! <\/p>\n\n\n\n<figure class=\"wp-block-image size-large\"><a href=\"https:\/\/dorit-linke.de\/wp-content\/uploads\/2023\/08\/Weimar-1-scaled.jpg\"><img loading=\"lazy\" decoding=\"async\" width=\"1024\" height=\"1024\" src=\"https:\/\/dorit-linke.de\/wp-content\/uploads\/2023\/08\/Weimar-1-1024x1024.jpg\" alt=\"\" class=\"wp-image-7020\" srcset=\"https:\/\/dorit-linke.de\/wp-content\/uploads\/2023\/08\/Weimar-1-1024x1024.jpg 1024w, https:\/\/dorit-linke.de\/wp-content\/uploads\/2023\/08\/Weimar-1-300x300.jpg 300w, https:\/\/dorit-linke.de\/wp-content\/uploads\/2023\/08\/Weimar-1-150x150.jpg 150w, https:\/\/dorit-linke.de\/wp-content\/uploads\/2023\/08\/Weimar-1-768x768.jpg 768w, https:\/\/dorit-linke.de\/wp-content\/uploads\/2023\/08\/Weimar-1-1536x1536.jpg 1536w, https:\/\/dorit-linke.de\/wp-content\/uploads\/2023\/08\/Weimar-1-2048x2048.jpg 2048w\" sizes=\"auto, (max-width: 1024px) 100vw, 1024px\" \/><\/a><figcaption class=\"wp-element-caption\">Jenseits der blauen Grenze von Dorit Linke <\/figcaption><\/figure>\n\n\n\n<p><\/p>\n\n\n\n<h2 class=\"wp-block-heading\">Jenseits der blauen Grenze &#8211; <em>Theaterfassung von Eva Bormann und Swaantje Lena Kleff<\/em><\/h2>\n\n\n\n<p><strong>Fehlende Zukunftsaussichten in der DDR zwingen Hanna und Andreas zur Flucht \u00fcbers Wasser; angetrieben von der Hoffnung, im Westen frei und selbstbestimmt studieren und leben zu k\u00f6nnen. Ihre Beweggr\u00fcnde bleiben erschreckend aktuell.<\/strong><\/p>\n\n\n\n<p>August 1989. Hanna und Andreas kauern in den D\u00fcnen bei K\u00fchlungsborn. 50 Kilometer Ostsee trennen die beiden vom Westen. Doch sie sind fest entschlossen, in dieser Nacht \u00fcber die \u00bbnasse Grenze\u00ab bis nach Fehmarn zu schwimmen. Denn hier, in den letzten Tagen der DDR, sehen beide f\u00fcr sich keine Zukunft mehr. Ihre Tr\u00e4ume von Abitur und Studium sind zerplatzt, ein Leben nach eigenen Vorstellungen ist unm\u00f6glich geworden. Nachdem sie die Strandpatrouille abgepasst haben und die gef\u00fcrchteten Suchscheinwerfer weitergewandert sind, gleiten die beiden ungesehen ins Wasser. In den n\u00e4chsten 25 Stunden werden Hanna und Andreas keinen festen Boden unter den F\u00fc\u00dfen haben, nur Dunkelheit und Wasser ringsumher. Lediglich eine Schnur, gebunden von Handgelenk zu Handgelenk, verbindet sie miteinander. Und w\u00e4hrend sie von nun an zumeist schweigend nebeneinander herschwimmen, kreisen Hannas Gedanken um die Tage ihrer Kindheit und Jugend. Tage, die sich Jahr f\u00fcr Jahr schwieriger gestalteten und durch unangepasstes Verhalten f\u00fcr Andreas und schlie\u00dflich auch f\u00fcr Hanna zu unwiderruflichen Zerw\u00fcrfnissen in Schule und DDR-Alltag f\u00fchrten.<\/p>\n\n\n\n<p>In ihrem Deb\u00fctroman, der 2015 f\u00fcr den Deutschen Jugendliteraturpreis nominiert wurde, zeichnet Dorit Linke eindr\u00fccklich nach, wie die systematische staatliche Willk\u00fcr gegen\u00fcber der Sehnsucht nach Selbstbestimmung und Freiheit Hanna und Andreas eine lebensbedrohliche Entscheidung f\u00e4llen l\u00e4sst. Die in der DDR vielfach kolportierte, von Erich Honecker in den Anfangsjahren der DDR gepr\u00e4gte Losung \u00bbVorw\u00e4rts immer, r\u00fcckw\u00e4rts nimmer\u00ab nimmt f\u00fcr Linkes Protagonist*innen eine ungeahnte Dimension an.<\/p>\n\n\n\n<p><a href=\"https:\/\/www.nationaltheater-weimar.de\/de\/programm\/stueck-detail.php?SID=3327\" target=\"_blank\" rel=\"noopener\">Jenseits der blauen Grenze | Deutsches Nationaltheater und Staatskapelle Weimar DNT (nationaltheater-weimar.de)<\/a><\/p>\n","protected":false},"excerpt":{"rendered":"<p>Eine sch\u00f6ne Nachricht kommt durch das Sommerloch geschwommen: Jenseits der blauen Grenze wird am Nationaltheater Weimar aufgef\u00fchrt. Die Premiere ist&hellip;<\/p>\n","protected":false},"author":1,"featured_media":6722,"comment_status":"closed","ping_status":"closed","sticky":false,"template":"","format":"standard","meta":{"_monsterinsights_skip_tracking":false,"_monsterinsights_sitenote_active":false,"_monsterinsights_sitenote_note":"","_monsterinsights_sitenote_category":0,"footnotes":""},"categories":[86],"tags":[],"class_list":["post-7019","post","type-post","status-publish","format-standard","has-post-thumbnail","hentry","category-jenseits-der-blauen-grenze"],"_links":{"self":[{"href":"https:\/\/dorit-linke.de\/en\/wp-json\/wp\/v2\/posts\/7019","targetHints":{"allow":["GET"]}}],"collection":[{"href":"https:\/\/dorit-linke.de\/en\/wp-json\/wp\/v2\/posts"}],"about":[{"href":"https:\/\/dorit-linke.de\/en\/wp-json\/wp\/v2\/types\/post"}],"author":[{"embeddable":true,"href":"https:\/\/dorit-linke.de\/en\/wp-json\/wp\/v2\/users\/1"}],"replies":[{"embeddable":true,"href":"https:\/\/dorit-linke.de\/en\/wp-json\/wp\/v2\/comments?post=7019"}],"version-history":[{"count":5,"href":"https:\/\/dorit-linke.de\/en\/wp-json\/wp\/v2\/posts\/7019\/revisions"}],"predecessor-version":[{"id":7056,"href":"https:\/\/dorit-linke.de\/en\/wp-json\/wp\/v2\/posts\/7019\/revisions\/7056"}],"wp:featuredmedia":[{"embeddable":true,"href":"https:\/\/dorit-linke.de\/en\/wp-json\/wp\/v2\/media\/6722"}],"wp:attachment":[{"href":"https:\/\/dorit-linke.de\/en\/wp-json\/wp\/v2\/media?parent=7019"}],"wp:term":[{"taxonomy":"category","embeddable":true,"href":"https:\/\/dorit-linke.de\/en\/wp-json\/wp\/v2\/categories?post=7019"},{"taxonomy":"post_tag","embeddable":true,"href":"https:\/\/dorit-linke.de\/en\/wp-json\/wp\/v2\/tags?post=7019"}],"curies":[{"name":"wp","href":"https:\/\/api.w.org\/{rel}","templated":true}]}}