{"id":7067,"date":"2023-10-09T17:00:00","date_gmt":"2023-10-09T16:00:00","guid":{"rendered":"https:\/\/dorit-linke.de\/?p=7067"},"modified":"2024-12-05T08:37:19","modified_gmt":"2024-12-05T07:37:19","slug":"verdienstkreuz-am-bande","status":"publish","type":"post","link":"https:\/\/dorit-linke.de\/en\/blog\/2023\/10\/09\/verdienstkreuz-am-bande\/","title":{"rendered":"Verdienstkreuz am Bande"},"content":{"rendered":"\n<p class=\"has-medium-font-size\">Die 15 Minuten Ruhm, frei nach Andy Warhol, trafen heute: mich.<\/p>\n\n\n\n<p class=\"has-medium-font-size\">Kaum zu glauben, doch es gibt den unwiderlegbaren Beweis: Das Verdienstkreuz am Bande, \u00fcberreicht im Schloss Bellevue vom Bundespr\u00e4sidenten Frank-Walter Steinmeier pers\u00f6nlich, f\u00fcr mein Engagement im Bereich Bildung, Literatur und der Schreib- und Lesef\u00f6rderung, auch unter Einsatz moderner digitaler Medien.<\/p>\n\n\n\n<p class=\"has-medium-font-size\">Ich bin ehrlich und unendlich dankbar, dass meine Arbeit so herausragend gewertsch\u00e4tzt wird. Seit vielen Jahren bringe ich Kindern und Jugendlichen in Schreibworkshops und mit Lesungen aus meinen B\u00fcchern die DDR nahe und werde dabei unterst\u00fctzt vom Engagement vieler Menschen, die sich f\u00fcr die junge Generation und f\u00fcr Demokratie stark machen. <\/p>\n\n\n\n<p class=\"has-medium-font-size\">Allen voran engagierte Lehrerinnen und Lehrer, dar\u00fcber hinaus so viele andere, die Defizite in der Gesellschaft sehen und ausgleichen, die mit langem Atem unterst\u00fctzen und Ungerechtigkeiten, die es in unserem Land gibt, abmildern. Menschen, die Vereine gr\u00fcnden, in Bibliotheken arbeiten, Kindertheater und Kulturinitiativen ins Leben rufen und am Leben erhalten. Unerm\u00fcdlich schreiben sie F\u00f6rderantr\u00e4ge f\u00fcr Kulturprojekte und begleiten diese leidenschaftlich, er\u00f6ffnen Kindern verschlossene Welten und regen sie zum Erz\u00e4hlen und Phantasieren an.<\/p>\n\n\n\n<p class=\"has-medium-font-size\">Diese nimmerm\u00fcden Engagierten, die vor dem Anpacken nicht als Erstes fragen: Was habe ich davon?, wissen, dass Bildung, B\u00fccher und aufrichtige Geschichten Grundsteine f\u00fcr unsere Werte, f\u00fcr unsere Demokratie sind. Mit all diesen Menschen teile ich heute diese Ehre.<\/p>\n\n\n\n<p class=\"has-medium-font-size\">Danke f\u00fcr diese unfassbare Auszeichnung. Wie sch\u00f6n, dass es sie gibt. Danke, dass diese unter dem Motto &#8220;Bildung und Zusammenhalt f\u00f6rdern, Demokratie st\u00e4rken&#8221; und anl\u00e4sslich des Tages der Deutschen Einheit vorgenommen wird, das bedeutet mir, meiner Familie und meinen Weggef\u00e4hrt:innen sehr viel. <\/p>\n\n\n\n<p class=\"has-medium-font-size\">Jetzt feiere ich erst einmal. Und dann machen wir einfach weiter.<\/p>\n\n\n\n<figure class=\"wp-block-image size-large\"><a href=\"https:\/\/dorit-linke.de\/wp-content\/uploads\/2023\/10\/IMG_20231009_132140-1-scaled.jpg\"><img loading=\"lazy\" decoding=\"async\" width=\"768\" height=\"1024\" src=\"https:\/\/dorit-linke.de\/wp-content\/uploads\/2023\/10\/IMG_20231009_132140-1-768x1024.jpg\" alt=\"\" class=\"wp-image-7151\" srcset=\"https:\/\/dorit-linke.de\/wp-content\/uploads\/2023\/10\/IMG_20231009_132140-1-768x1024.jpg 768w, https:\/\/dorit-linke.de\/wp-content\/uploads\/2023\/10\/IMG_20231009_132140-1-225x300.jpg 225w, https:\/\/dorit-linke.de\/wp-content\/uploads\/2023\/10\/IMG_20231009_132140-1-1152x1536.jpg 1152w, https:\/\/dorit-linke.de\/wp-content\/uploads\/2023\/10\/IMG_20231009_132140-1-1536x2048.jpg 1536w, https:\/\/dorit-linke.de\/wp-content\/uploads\/2023\/10\/IMG_20231009_132140-1-scaled.jpg 1920w\" sizes=\"auto, (max-width: 768px) 100vw, 768px\" \/><\/a><\/figure>\n\n\n\n<p>Dorit Linke, Berlin, am 9.10.2023<\/p>\n\n\n\n<figure class=\"wp-block-gallery has-nested-images columns-default is-cropped wp-block-gallery-1 is-layout-flex wp-block-gallery-is-layout-flex\">\n<figure class=\"wp-block-image size-large\"><img loading=\"lazy\" decoding=\"async\" width=\"1024\" height=\"681\" data-id=\"7161\" src=\"https:\/\/dorit-linke.de\/wp-content\/uploads\/2023\/10\/Bildnachweis-Bundesregierung-Sandra-Steins-1-1024x681.jpg\" alt=\"\" class=\"wp-image-7161\" srcset=\"https:\/\/dorit-linke.de\/wp-content\/uploads\/2023\/10\/Bildnachweis-Bundesregierung-Sandra-Steins-1-1024x681.jpg 1024w, https:\/\/dorit-linke.de\/wp-content\/uploads\/2023\/10\/Bildnachweis-Bundesregierung-Sandra-Steins-1-300x200.jpg 300w, https:\/\/dorit-linke.de\/wp-content\/uploads\/2023\/10\/Bildnachweis-Bundesregierung-Sandra-Steins-1-768x511.jpg 768w, https:\/\/dorit-linke.de\/wp-content\/uploads\/2023\/10\/Bildnachweis-Bundesregierung-Sandra-Steins-1-1536x1022.jpg 1536w, https:\/\/dorit-linke.de\/wp-content\/uploads\/2023\/10\/Bildnachweis-Bundesregierung-Sandra-Steins-1-2048x1363.jpg 2048w\" sizes=\"auto, (max-width: 1024px) 100vw, 1024px\" \/><figcaption class=\"wp-element-caption\">Bildnachweis: Bundesregierung Sandra Steins<\/figcaption><\/figure>\n\n\n\n<figure class=\"wp-block-image size-large\"><a href=\"https:\/\/dorit-linke.de\/wp-content\/uploads\/2023\/10\/image00070-scaled.jpeg\"><img loading=\"lazy\" decoding=\"async\" width=\"1024\" height=\"768\" data-id=\"7132\" src=\"https:\/\/dorit-linke.de\/wp-content\/uploads\/2023\/10\/image00070-1024x768.jpeg\" alt=\"\" class=\"wp-image-7132\" srcset=\"https:\/\/dorit-linke.de\/wp-content\/uploads\/2023\/10\/image00070-1024x768.jpeg 1024w, https:\/\/dorit-linke.de\/wp-content\/uploads\/2023\/10\/image00070-300x225.jpeg 300w, https:\/\/dorit-linke.de\/wp-content\/uploads\/2023\/10\/image00070-768x576.jpeg 768w, https:\/\/dorit-linke.de\/wp-content\/uploads\/2023\/10\/image00070-1536x1152.jpeg 1536w, https:\/\/dorit-linke.de\/wp-content\/uploads\/2023\/10\/image00070-2048x1536.jpeg 2048w, https:\/\/dorit-linke.de\/wp-content\/uploads\/2023\/10\/image00070-160x120.jpeg 160w\" sizes=\"auto, (max-width: 1024px) 100vw, 1024px\" \/><\/a><\/figure>\n\n\n\n<figure class=\"wp-block-image size-large\"><a href=\"https:\/\/dorit-linke.de\/wp-content\/uploads\/2023\/10\/IMG_20231009_101028_1-scaled.jpg\"><img loading=\"lazy\" decoding=\"async\" width=\"1024\" height=\"768\" data-id=\"7144\" src=\"https:\/\/dorit-linke.de\/wp-content\/uploads\/2023\/10\/IMG_20231009_101028_1-1024x768.jpg\" alt=\"\" class=\"wp-image-7144\" srcset=\"https:\/\/dorit-linke.de\/wp-content\/uploads\/2023\/10\/IMG_20231009_101028_1-1024x768.jpg 1024w, https:\/\/dorit-linke.de\/wp-content\/uploads\/2023\/10\/IMG_20231009_101028_1-300x225.jpg 300w, https:\/\/dorit-linke.de\/wp-content\/uploads\/2023\/10\/IMG_20231009_101028_1-768x576.jpg 768w, https:\/\/dorit-linke.de\/wp-content\/uploads\/2023\/10\/IMG_20231009_101028_1-1536x1152.jpg 1536w, https:\/\/dorit-linke.de\/wp-content\/uploads\/2023\/10\/IMG_20231009_101028_1-2048x1536.jpg 2048w, https:\/\/dorit-linke.de\/wp-content\/uploads\/2023\/10\/IMG_20231009_101028_1-160x120.jpg 160w\" sizes=\"auto, (max-width: 1024px) 100vw, 1024px\" \/><\/a><\/figure>\n\n\n\n<figure class=\"wp-block-image size-large\"><a href=\"https:\/\/dorit-linke.de\/wp-content\/uploads\/2023\/10\/IMG_20231009_104245-scaled.jpg\"><img loading=\"lazy\" decoding=\"async\" width=\"1024\" height=\"768\" data-id=\"7136\" src=\"https:\/\/dorit-linke.de\/wp-content\/uploads\/2023\/10\/IMG_20231009_104245-1024x768.jpg\" alt=\"\" class=\"wp-image-7136\" srcset=\"https:\/\/dorit-linke.de\/wp-content\/uploads\/2023\/10\/IMG_20231009_104245-1024x768.jpg 1024w, https:\/\/dorit-linke.de\/wp-content\/uploads\/2023\/10\/IMG_20231009_104245-300x225.jpg 300w, https:\/\/dorit-linke.de\/wp-content\/uploads\/2023\/10\/IMG_20231009_104245-768x576.jpg 768w, https:\/\/dorit-linke.de\/wp-content\/uploads\/2023\/10\/IMG_20231009_104245-1536x1152.jpg 1536w, https:\/\/dorit-linke.de\/wp-content\/uploads\/2023\/10\/IMG_20231009_104245-2048x1536.jpg 2048w, https:\/\/dorit-linke.de\/wp-content\/uploads\/2023\/10\/IMG_20231009_104245-160x120.jpg 160w\" sizes=\"auto, (max-width: 1024px) 100vw, 1024px\" \/><\/a><\/figure>\n\n\n\n<figure class=\"wp-block-image size-large\"><a href=\"https:\/\/dorit-linke.de\/wp-content\/uploads\/2023\/10\/image00016-scaled.jpeg\"><img loading=\"lazy\" decoding=\"async\" width=\"1024\" height=\"768\" data-id=\"7120\" src=\"https:\/\/dorit-linke.de\/wp-content\/uploads\/2023\/10\/image00016-1024x768.jpeg\" alt=\"\" class=\"wp-image-7120\" srcset=\"https:\/\/dorit-linke.de\/wp-content\/uploads\/2023\/10\/image00016-1024x768.jpeg 1024w, https:\/\/dorit-linke.de\/wp-content\/uploads\/2023\/10\/image00016-300x225.jpeg 300w, https:\/\/dorit-linke.de\/wp-content\/uploads\/2023\/10\/image00016-768x576.jpeg 768w, https:\/\/dorit-linke.de\/wp-content\/uploads\/2023\/10\/image00016-1536x1152.jpeg 1536w, https:\/\/dorit-linke.de\/wp-content\/uploads\/2023\/10\/image00016-2048x1536.jpeg 2048w, https:\/\/dorit-linke.de\/wp-content\/uploads\/2023\/10\/image00016-160x120.jpeg 160w\" sizes=\"auto, (max-width: 1024px) 100vw, 1024px\" \/><\/a><\/figure>\n\n\n\n<figure class=\"wp-block-image size-large\"><a href=\"https:\/\/dorit-linke.de\/wp-content\/uploads\/2023\/10\/image00017-scaled.jpeg\"><img loading=\"lazy\" decoding=\"async\" width=\"1024\" height=\"768\" data-id=\"7119\" src=\"https:\/\/dorit-linke.de\/wp-content\/uploads\/2023\/10\/image00017-1024x768.jpeg\" alt=\"\" class=\"wp-image-7119\" srcset=\"https:\/\/dorit-linke.de\/wp-content\/uploads\/2023\/10\/image00017-1024x768.jpeg 1024w, https:\/\/dorit-linke.de\/wp-content\/uploads\/2023\/10\/image00017-300x225.jpeg 300w, https:\/\/dorit-linke.de\/wp-content\/uploads\/2023\/10\/image00017-768x576.jpeg 768w, https:\/\/dorit-linke.de\/wp-content\/uploads\/2023\/10\/image00017-1536x1152.jpeg 1536w, https:\/\/dorit-linke.de\/wp-content\/uploads\/2023\/10\/image00017-2048x1536.jpeg 2048w, https:\/\/dorit-linke.de\/wp-content\/uploads\/2023\/10\/image00017-160x120.jpeg 160w\" sizes=\"auto, (max-width: 1024px) 100vw, 1024px\" \/><\/a><\/figure>\n\n\n\n<figure class=\"wp-block-image size-large\"><a href=\"https:\/\/dorit-linke.de\/wp-content\/uploads\/2023\/10\/IMG-20231009-WA0036.jpg\"><img loading=\"lazy\" decoding=\"async\" width=\"577\" height=\"1024\" data-id=\"7126\" src=\"https:\/\/dorit-linke.de\/wp-content\/uploads\/2023\/10\/IMG-20231009-WA0036-577x1024.jpg\" alt=\"\" class=\"wp-image-7126\" srcset=\"https:\/\/dorit-linke.de\/wp-content\/uploads\/2023\/10\/IMG-20231009-WA0036-577x1024.jpg 577w, https:\/\/dorit-linke.de\/wp-content\/uploads\/2023\/10\/IMG-20231009-WA0036-169x300.jpg 169w, https:\/\/dorit-linke.de\/wp-content\/uploads\/2023\/10\/IMG-20231009-WA0036-768x1364.jpg 768w, https:\/\/dorit-linke.de\/wp-content\/uploads\/2023\/10\/IMG-20231009-WA0036-865x1536.jpg 865w, https:\/\/dorit-linke.de\/wp-content\/uploads\/2023\/10\/IMG-20231009-WA0036.jpg 901w\" sizes=\"auto, (max-width: 577px) 100vw, 577px\" \/><\/a><\/figure>\n\n\n\n<figure class=\"wp-block-image size-large\"><a href=\"https:\/\/dorit-linke.de\/wp-content\/uploads\/2023\/10\/IMG_5496-scaled.jpg\"><img loading=\"lazy\" decoding=\"async\" width=\"1024\" height=\"683\" data-id=\"7146\" src=\"https:\/\/dorit-linke.de\/wp-content\/uploads\/2023\/10\/IMG_5496-1024x683.jpg\" alt=\"\" class=\"wp-image-7146\" srcset=\"https:\/\/dorit-linke.de\/wp-content\/uploads\/2023\/10\/IMG_5496-1024x683.jpg 1024w, https:\/\/dorit-linke.de\/wp-content\/uploads\/2023\/10\/IMG_5496-300x200.jpg 300w, https:\/\/dorit-linke.de\/wp-content\/uploads\/2023\/10\/IMG_5496-768x512.jpg 768w, https:\/\/dorit-linke.de\/wp-content\/uploads\/2023\/10\/IMG_5496-1536x1024.jpg 1536w, https:\/\/dorit-linke.de\/wp-content\/uploads\/2023\/10\/IMG_5496-2048x1365.jpg 2048w\" sizes=\"auto, (max-width: 1024px) 100vw, 1024px\" \/><\/a><\/figure>\n\n\n\n<figure class=\"wp-block-image size-large\"><a href=\"https:\/\/dorit-linke.de\/wp-content\/uploads\/2023\/10\/IMG_5514-scaled.jpg\"><img loading=\"lazy\" decoding=\"async\" width=\"1024\" height=\"683\" data-id=\"7148\" src=\"https:\/\/dorit-linke.de\/wp-content\/uploads\/2023\/10\/IMG_5514-1024x683.jpg\" alt=\"\" class=\"wp-image-7148\" srcset=\"https:\/\/dorit-linke.de\/wp-content\/uploads\/2023\/10\/IMG_5514-1024x683.jpg 1024w, https:\/\/dorit-linke.de\/wp-content\/uploads\/2023\/10\/IMG_5514-300x200.jpg 300w, https:\/\/dorit-linke.de\/wp-content\/uploads\/2023\/10\/IMG_5514-768x512.jpg 768w, https:\/\/dorit-linke.de\/wp-content\/uploads\/2023\/10\/IMG_5514-1536x1024.jpg 1536w, https:\/\/dorit-linke.de\/wp-content\/uploads\/2023\/10\/IMG_5514-2048x1365.jpg 2048w\" sizes=\"auto, (max-width: 1024px) 100vw, 1024px\" \/><\/a><\/figure>\n\n\n\n<figure class=\"wp-block-image size-large\"><a href=\"https:\/\/dorit-linke.de\/wp-content\/uploads\/2023\/10\/image00034-scaled.jpeg\"><img loading=\"lazy\" decoding=\"async\" width=\"768\" height=\"1024\" data-id=\"7118\" src=\"https:\/\/dorit-linke.de\/wp-content\/uploads\/2023\/10\/image00034-768x1024.jpeg\" alt=\"\" class=\"wp-image-7118\" srcset=\"https:\/\/dorit-linke.de\/wp-content\/uploads\/2023\/10\/image00034-768x1024.jpeg 768w, https:\/\/dorit-linke.de\/wp-content\/uploads\/2023\/10\/image00034-225x300.jpeg 225w, https:\/\/dorit-linke.de\/wp-content\/uploads\/2023\/10\/image00034-1152x1536.jpeg 1152w, https:\/\/dorit-linke.de\/wp-content\/uploads\/2023\/10\/image00034-1536x2048.jpeg 1536w, https:\/\/dorit-linke.de\/wp-content\/uploads\/2023\/10\/image00034-scaled.jpeg 1920w\" sizes=\"auto, (max-width: 768px) 100vw, 768px\" \/><\/a><\/figure>\n\n\n\n<figure class=\"wp-block-image size-large\"><a href=\"https:\/\/dorit-linke.de\/wp-content\/uploads\/2023\/10\/IMG_5503-scaled.jpg\"><img loading=\"lazy\" decoding=\"async\" width=\"1024\" height=\"683\" data-id=\"7149\" src=\"https:\/\/dorit-linke.de\/wp-content\/uploads\/2023\/10\/IMG_5503-1024x683.jpg\" alt=\"\" class=\"wp-image-7149\" srcset=\"https:\/\/dorit-linke.de\/wp-content\/uploads\/2023\/10\/IMG_5503-1024x683.jpg 1024w, https:\/\/dorit-linke.de\/wp-content\/uploads\/2023\/10\/IMG_5503-300x200.jpg 300w, https:\/\/dorit-linke.de\/wp-content\/uploads\/2023\/10\/IMG_5503-768x512.jpg 768w, https:\/\/dorit-linke.de\/wp-content\/uploads\/2023\/10\/IMG_5503-1536x1024.jpg 1536w, https:\/\/dorit-linke.de\/wp-content\/uploads\/2023\/10\/IMG_5503-2048x1365.jpg 2048w\" sizes=\"auto, (max-width: 1024px) 100vw, 1024px\" \/><\/a><\/figure>\n\n\n\n<figure class=\"wp-block-image size-large\"><a href=\"https:\/\/dorit-linke.de\/wp-content\/uploads\/2023\/10\/image00031-scaled.jpeg\"><img loading=\"lazy\" decoding=\"async\" width=\"768\" height=\"1024\" data-id=\"7143\" src=\"https:\/\/dorit-linke.de\/wp-content\/uploads\/2023\/10\/image00031-768x1024.jpeg\" alt=\"\" class=\"wp-image-7143\" srcset=\"https:\/\/dorit-linke.de\/wp-content\/uploads\/2023\/10\/image00031-768x1024.jpeg 768w, https:\/\/dorit-linke.de\/wp-content\/uploads\/2023\/10\/image00031-225x300.jpeg 225w, https:\/\/dorit-linke.de\/wp-content\/uploads\/2023\/10\/image00031-1152x1536.jpeg 1152w, https:\/\/dorit-linke.de\/wp-content\/uploads\/2023\/10\/image00031-1536x2048.jpeg 1536w, https:\/\/dorit-linke.de\/wp-content\/uploads\/2023\/10\/image00031-scaled.jpeg 1920w\" sizes=\"auto, (max-width: 768px) 100vw, 768px\" \/><\/a><\/figure>\n\n\n\n<figure class=\"wp-block-image size-large\"><a href=\"https:\/\/dorit-linke.de\/wp-content\/uploads\/2023\/10\/image00040-scaled.jpeg\"><img loading=\"lazy\" decoding=\"async\" width=\"1024\" height=\"768\" data-id=\"7134\" src=\"https:\/\/dorit-linke.de\/wp-content\/uploads\/2023\/10\/image00040-1024x768.jpeg\" alt=\"\" class=\"wp-image-7134\" srcset=\"https:\/\/dorit-linke.de\/wp-content\/uploads\/2023\/10\/image00040-1024x768.jpeg 1024w, https:\/\/dorit-linke.de\/wp-content\/uploads\/2023\/10\/image00040-300x225.jpeg 300w, https:\/\/dorit-linke.de\/wp-content\/uploads\/2023\/10\/image00040-768x576.jpeg 768w, https:\/\/dorit-linke.de\/wp-content\/uploads\/2023\/10\/image00040-1536x1152.jpeg 1536w, https:\/\/dorit-linke.de\/wp-content\/uploads\/2023\/10\/image00040-2048x1536.jpeg 2048w, https:\/\/dorit-linke.de\/wp-content\/uploads\/2023\/10\/image00040-160x120.jpeg 160w\" sizes=\"auto, (max-width: 1024px) 100vw, 1024px\" \/><\/a><\/figure>\n\n\n\n<figure class=\"wp-block-image size-large\"><a href=\"https:\/\/dorit-linke.de\/wp-content\/uploads\/2023\/10\/image00044-scaled.jpeg\"><img loading=\"lazy\" decoding=\"async\" width=\"768\" height=\"1024\" data-id=\"7137\" src=\"https:\/\/dorit-linke.de\/wp-content\/uploads\/2023\/10\/image00044-768x1024.jpeg\" alt=\"\" class=\"wp-image-7137\" srcset=\"https:\/\/dorit-linke.de\/wp-content\/uploads\/2023\/10\/image00044-768x1024.jpeg 768w, https:\/\/dorit-linke.de\/wp-content\/uploads\/2023\/10\/image00044-225x300.jpeg 225w, https:\/\/dorit-linke.de\/wp-content\/uploads\/2023\/10\/image00044-1152x1536.jpeg 1152w, https:\/\/dorit-linke.de\/wp-content\/uploads\/2023\/10\/image00044-1536x2048.jpeg 1536w, https:\/\/dorit-linke.de\/wp-content\/uploads\/2023\/10\/image00044-scaled.jpeg 1920w\" sizes=\"auto, (max-width: 768px) 100vw, 768px\" \/><\/a><\/figure>\n\n\n\n<figure class=\"wp-block-image size-large\"><a href=\"https:\/\/dorit-linke.de\/wp-content\/uploads\/2023\/10\/image00061-scaled.jpeg\"><img loading=\"lazy\" decoding=\"async\" width=\"1024\" height=\"768\" data-id=\"7139\" src=\"https:\/\/dorit-linke.de\/wp-content\/uploads\/2023\/10\/image00061-1024x768.jpeg\" alt=\"\" class=\"wp-image-7139\" srcset=\"https:\/\/dorit-linke.de\/wp-content\/uploads\/2023\/10\/image00061-1024x768.jpeg 1024w, https:\/\/dorit-linke.de\/wp-content\/uploads\/2023\/10\/image00061-300x225.jpeg 300w, https:\/\/dorit-linke.de\/wp-content\/uploads\/2023\/10\/image00061-768x576.jpeg 768w, https:\/\/dorit-linke.de\/wp-content\/uploads\/2023\/10\/image00061-1536x1152.jpeg 1536w, https:\/\/dorit-linke.de\/wp-content\/uploads\/2023\/10\/image00061-2048x1536.jpeg 2048w, https:\/\/dorit-linke.de\/wp-content\/uploads\/2023\/10\/image00061-160x120.jpeg 160w\" sizes=\"auto, (max-width: 1024px) 100vw, 1024px\" \/><\/a><\/figure>\n\n\n\n<figure class=\"wp-block-image size-large\"><a href=\"https:\/\/dorit-linke.de\/wp-content\/uploads\/2023\/10\/image00062-scaled.jpeg\"><img loading=\"lazy\" decoding=\"async\" width=\"768\" height=\"1024\" data-id=\"7140\" src=\"https:\/\/dorit-linke.de\/wp-content\/uploads\/2023\/10\/image00062-768x1024.jpeg\" alt=\"\" class=\"wp-image-7140\" srcset=\"https:\/\/dorit-linke.de\/wp-content\/uploads\/2023\/10\/image00062-768x1024.jpeg 768w, https:\/\/dorit-linke.de\/wp-content\/uploads\/2023\/10\/image00062-225x300.jpeg 225w, https:\/\/dorit-linke.de\/wp-content\/uploads\/2023\/10\/image00062-1152x1536.jpeg 1152w, https:\/\/dorit-linke.de\/wp-content\/uploads\/2023\/10\/image00062-1536x2048.jpeg 1536w, https:\/\/dorit-linke.de\/wp-content\/uploads\/2023\/10\/image00062-scaled.jpeg 1920w\" sizes=\"auto, (max-width: 768px) 100vw, 768px\" \/><\/a><\/figure>\n\n\n\n<figure class=\"wp-block-image size-large\"><a href=\"https:\/\/dorit-linke.de\/wp-content\/uploads\/2023\/10\/IMG_20231009_125518-scaled.jpg\"><img loading=\"lazy\" decoding=\"async\" width=\"1024\" height=\"768\" data-id=\"7142\" src=\"https:\/\/dorit-linke.de\/wp-content\/uploads\/2023\/10\/IMG_20231009_125518-1024x768.jpg\" alt=\"\" class=\"wp-image-7142\" srcset=\"https:\/\/dorit-linke.de\/wp-content\/uploads\/2023\/10\/IMG_20231009_125518-1024x768.jpg 1024w, https:\/\/dorit-linke.de\/wp-content\/uploads\/2023\/10\/IMG_20231009_125518-300x225.jpg 300w, https:\/\/dorit-linke.de\/wp-content\/uploads\/2023\/10\/IMG_20231009_125518-768x576.jpg 768w, https:\/\/dorit-linke.de\/wp-content\/uploads\/2023\/10\/IMG_20231009_125518-1536x1152.jpg 1536w, https:\/\/dorit-linke.de\/wp-content\/uploads\/2023\/10\/IMG_20231009_125518-2048x1536.jpg 2048w, https:\/\/dorit-linke.de\/wp-content\/uploads\/2023\/10\/IMG_20231009_125518-160x120.jpg 160w\" sizes=\"auto, (max-width: 1024px) 100vw, 1024px\" \/><\/a><\/figure>\n\n\n\n<figure class=\"wp-block-image size-large\"><a href=\"https:\/\/dorit-linke.de\/wp-content\/uploads\/2023\/10\/image00071-scaled.jpeg\"><img loading=\"lazy\" decoding=\"async\" width=\"1024\" height=\"768\" data-id=\"7141\" src=\"https:\/\/dorit-linke.de\/wp-content\/uploads\/2023\/10\/image00071-1024x768.jpeg\" alt=\"\" class=\"wp-image-7141\" srcset=\"https:\/\/dorit-linke.de\/wp-content\/uploads\/2023\/10\/image00071-1024x768.jpeg 1024w, https:\/\/dorit-linke.de\/wp-content\/uploads\/2023\/10\/image00071-300x225.jpeg 300w, https:\/\/dorit-linke.de\/wp-content\/uploads\/2023\/10\/image00071-768x576.jpeg 768w, https:\/\/dorit-linke.de\/wp-content\/uploads\/2023\/10\/image00071-1536x1152.jpeg 1536w, https:\/\/dorit-linke.de\/wp-content\/uploads\/2023\/10\/image00071-2048x1536.jpeg 2048w, https:\/\/dorit-linke.de\/wp-content\/uploads\/2023\/10\/image00071-160x120.jpeg 160w\" sizes=\"auto, (max-width: 1024px) 100vw, 1024px\" \/><\/a><\/figure>\n\n\n\n<figure class=\"wp-block-image size-large\"><a href=\"https:\/\/dorit-linke.de\/wp-content\/uploads\/2023\/10\/IMG_20231009_132229-scaled.jpg\"><img loading=\"lazy\" decoding=\"async\" width=\"1024\" height=\"768\" data-id=\"7121\" src=\"https:\/\/dorit-linke.de\/wp-content\/uploads\/2023\/10\/IMG_20231009_132229-1024x768.jpg\" alt=\"\" class=\"wp-image-7121\" srcset=\"https:\/\/dorit-linke.de\/wp-content\/uploads\/2023\/10\/IMG_20231009_132229-1024x768.jpg 1024w, https:\/\/dorit-linke.de\/wp-content\/uploads\/2023\/10\/IMG_20231009_132229-300x225.jpg 300w, https:\/\/dorit-linke.de\/wp-content\/uploads\/2023\/10\/IMG_20231009_132229-768x576.jpg 768w, https:\/\/dorit-linke.de\/wp-content\/uploads\/2023\/10\/IMG_20231009_132229-1536x1152.jpg 1536w, https:\/\/dorit-linke.de\/wp-content\/uploads\/2023\/10\/IMG_20231009_132229-2048x1536.jpg 2048w, https:\/\/dorit-linke.de\/wp-content\/uploads\/2023\/10\/IMG_20231009_132229-160x120.jpg 160w\" sizes=\"auto, (max-width: 1024px) 100vw, 1024px\" \/><\/a><\/figure>\n\n\n\n<figure class=\"wp-block-image size-large\"><a href=\"https:\/\/dorit-linke.de\/wp-content\/uploads\/2023\/10\/IMG_20231009_133849-scaled.jpg\"><img loading=\"lazy\" decoding=\"async\" width=\"768\" height=\"1024\" data-id=\"7122\" src=\"https:\/\/dorit-linke.de\/wp-content\/uploads\/2023\/10\/IMG_20231009_133849-768x1024.jpg\" alt=\"\" class=\"wp-image-7122\" srcset=\"https:\/\/dorit-linke.de\/wp-content\/uploads\/2023\/10\/IMG_20231009_133849-768x1024.jpg 768w, https:\/\/dorit-linke.de\/wp-content\/uploads\/2023\/10\/IMG_20231009_133849-225x300.jpg 225w, https:\/\/dorit-linke.de\/wp-content\/uploads\/2023\/10\/IMG_20231009_133849-1152x1536.jpg 1152w, https:\/\/dorit-linke.de\/wp-content\/uploads\/2023\/10\/IMG_20231009_133849-1536x2048.jpg 1536w, https:\/\/dorit-linke.de\/wp-content\/uploads\/2023\/10\/IMG_20231009_133849-scaled.jpg 1920w\" sizes=\"auto, (max-width: 768px) 100vw, 768px\" \/><\/a><\/figure>\n\n\n\n<figure class=\"wp-block-image size-large\"><a href=\"https:\/\/dorit-linke.de\/wp-content\/uploads\/2023\/10\/IMG_20231009_132929-scaled.jpg\"><img loading=\"lazy\" decoding=\"async\" width=\"768\" height=\"1024\" data-id=\"7131\" src=\"https:\/\/dorit-linke.de\/wp-content\/uploads\/2023\/10\/IMG_20231009_132929-768x1024.jpg\" alt=\"\" class=\"wp-image-7131\" srcset=\"https:\/\/dorit-linke.de\/wp-content\/uploads\/2023\/10\/IMG_20231009_132929-768x1024.jpg 768w, https:\/\/dorit-linke.de\/wp-content\/uploads\/2023\/10\/IMG_20231009_132929-225x300.jpg 225w, https:\/\/dorit-linke.de\/wp-content\/uploads\/2023\/10\/IMG_20231009_132929-1152x1536.jpg 1152w, https:\/\/dorit-linke.de\/wp-content\/uploads\/2023\/10\/IMG_20231009_132929-1536x2048.jpg 1536w, https:\/\/dorit-linke.de\/wp-content\/uploads\/2023\/10\/IMG_20231009_132929-scaled.jpg 1920w\" sizes=\"auto, (max-width: 768px) 100vw, 768px\" \/><\/a><\/figure>\n\n\n\n<figure class=\"wp-block-image size-large\"><a href=\"https:\/\/dorit-linke.de\/wp-content\/uploads\/2023\/10\/IMG-20231009-WA0013.jpg\"><img loading=\"lazy\" decoding=\"async\" width=\"1024\" height=\"576\" data-id=\"7124\" src=\"https:\/\/dorit-linke.de\/wp-content\/uploads\/2023\/10\/IMG-20231009-WA0013-1024x576.jpg\" alt=\"\" class=\"wp-image-7124\" srcset=\"https:\/\/dorit-linke.de\/wp-content\/uploads\/2023\/10\/IMG-20231009-WA0013-1024x576.jpg 1024w, https:\/\/dorit-linke.de\/wp-content\/uploads\/2023\/10\/IMG-20231009-WA0013-300x169.jpg 300w, https:\/\/dorit-linke.de\/wp-content\/uploads\/2023\/10\/IMG-20231009-WA0013-768x432.jpg 768w, https:\/\/dorit-linke.de\/wp-content\/uploads\/2023\/10\/IMG-20231009-WA0013-1536x864.jpg 1536w, https:\/\/dorit-linke.de\/wp-content\/uploads\/2023\/10\/IMG-20231009-WA0013-1140x641.jpg 1140w, https:\/\/dorit-linke.de\/wp-content\/uploads\/2023\/10\/IMG-20231009-WA0013-720x405.jpg 720w, https:\/\/dorit-linke.de\/wp-content\/uploads\/2023\/10\/IMG-20231009-WA0013.jpg 1600w\" sizes=\"auto, (max-width: 1024px) 100vw, 1024px\" \/><\/a><\/figure>\n\n\n\n<figure class=\"wp-block-image size-large\"><a href=\"https:\/\/dorit-linke.de\/wp-content\/uploads\/2023\/10\/Kreuz-Zeichnung-scaled.jpg\"><img loading=\"lazy\" decoding=\"async\" width=\"1024\" height=\"718\" data-id=\"7129\" src=\"https:\/\/dorit-linke.de\/wp-content\/uploads\/2023\/10\/Kreuz-Zeichnung-1024x718.jpg\" alt=\"\" class=\"wp-image-7129\" srcset=\"https:\/\/dorit-linke.de\/wp-content\/uploads\/2023\/10\/Kreuz-Zeichnung-1024x718.jpg 1024w, https:\/\/dorit-linke.de\/wp-content\/uploads\/2023\/10\/Kreuz-Zeichnung-300x210.jpg 300w, https:\/\/dorit-linke.de\/wp-content\/uploads\/2023\/10\/Kreuz-Zeichnung-768x539.jpg 768w, https:\/\/dorit-linke.de\/wp-content\/uploads\/2023\/10\/Kreuz-Zeichnung-1536x1077.jpg 1536w, https:\/\/dorit-linke.de\/wp-content\/uploads\/2023\/10\/Kreuz-Zeichnung-2048x1436.jpg 2048w\" sizes=\"auto, (max-width: 1024px) 100vw, 1024px\" \/><\/a><\/figure>\n<\/figure>\n\n\n\n<p><\/p>\n\n\n\n<figure class=\"wp-block-image size-large\"><img loading=\"lazy\" decoding=\"async\" width=\"1024\" height=\"681\" src=\"https:\/\/dorit-linke.de\/wp-content\/uploads\/2023\/10\/Bildnachweis-Bundesregierung-Sandra-Steins-6-1024x681.jpg\" alt=\"\" class=\"wp-image-7167\" srcset=\"https:\/\/dorit-linke.de\/wp-content\/uploads\/2023\/10\/Bildnachweis-Bundesregierung-Sandra-Steins-6-1024x681.jpg 1024w, https:\/\/dorit-linke.de\/wp-content\/uploads\/2023\/10\/Bildnachweis-Bundesregierung-Sandra-Steins-6-300x200.jpg 300w, https:\/\/dorit-linke.de\/wp-content\/uploads\/2023\/10\/Bildnachweis-Bundesregierung-Sandra-Steins-6-768x511.jpg 768w, https:\/\/dorit-linke.de\/wp-content\/uploads\/2023\/10\/Bildnachweis-Bundesregierung-Sandra-Steins-6-1536x1022.jpg 1536w, https:\/\/dorit-linke.de\/wp-content\/uploads\/2023\/10\/Bildnachweis-Bundesregierung-Sandra-Steins-6-2048x1362.jpg 2048w\" sizes=\"auto, (max-width: 1024px) 100vw, 1024px\" \/><figcaption class=\"wp-element-caption\">Bundespr\u00e4sident Frank-Walter Steinmeier bei der Verleihung der Verdienstorden der Bundesrepublik Deutschland zum Tag der Deutschen Einheit unter dem Motto \u201aBildung und Zusammenhalt f\u00f6rdern, Demokratie st\u00e4rken\u2018 im Schloss Bellevue, Dorit Linke \/ Bildnachweis: Bundesregierung Sandra Steins<\/figcaption><\/figure>\n\n\n\n<figure class=\"wp-block-image size-large\"><img loading=\"lazy\" decoding=\"async\" width=\"1024\" height=\"681\" src=\"https:\/\/dorit-linke.de\/wp-content\/uploads\/2023\/10\/Bildnachweis-Bundesregierung-Sandra-Steins-7-1024x681.jpg\" alt=\"\" class=\"wp-image-7172\" srcset=\"https:\/\/dorit-linke.de\/wp-content\/uploads\/2023\/10\/Bildnachweis-Bundesregierung-Sandra-Steins-7-1024x681.jpg 1024w, https:\/\/dorit-linke.de\/wp-content\/uploads\/2023\/10\/Bildnachweis-Bundesregierung-Sandra-Steins-7-300x200.jpg 300w, https:\/\/dorit-linke.de\/wp-content\/uploads\/2023\/10\/Bildnachweis-Bundesregierung-Sandra-Steins-7-768x511.jpg 768w, https:\/\/dorit-linke.de\/wp-content\/uploads\/2023\/10\/Bildnachweis-Bundesregierung-Sandra-Steins-7-1536x1022.jpg 1536w, https:\/\/dorit-linke.de\/wp-content\/uploads\/2023\/10\/Bildnachweis-Bundesregierung-Sandra-Steins-7-2048x1363.jpg 2048w\" sizes=\"auto, (max-width: 1024px) 100vw, 1024px\" \/><figcaption class=\"wp-element-caption\">Bundespr\u00e4sident Frank-Walter Steinmeier bei der Verleihung der Verdienstorden der Bundesrepublik Deutschland zum Tag der Deutschen Einheit unter dem Motto \u201aBildung und Zusammenhalt f\u00f6rdern, Demokratie st\u00e4rken\u2018 im Schloss Bellevue\/Gruppenfoto \/ Bildnachweis: Bundesregierung Sandra Steins<\/figcaption><\/figure>\n\n\n\n<p class=\"has-white-color has-text-color\">.<\/p>\n\n\n\n<h2 class=\"wp-block-heading\">Die Rede des Bundespr\u00e4sidenten zur Ordensverleihung<\/h2>\n\n\n\n<p><a href=\"https:\/\/www.bundespraesident.de\/SharedDocs\/Reden\/DE\/Frank-Walter-Steinmeier\/Reden\/2023\/10\/231009-OV-TdDE.html;jsessionid=79F03E488922EE160BE88239183905BE.internet011?fbclid=IwAR14iMkyECQJJX83i74Hxag2DSWNt0JODSdE7T-vxQGOkS5uJBrVLcZ6lAs\" target=\"_blank\" rel=\"noopener\">Der Bundespr\u00e4sident \/ Reden \/ Ordensverleihung zum Tag der Deutschen Einheit<\/a><\/p>\n\n\n\n<h2 class=\"wp-block-heading\">Ordensverleihung zum Tag der Deutschen Einheit<\/h2>\n\n\n\n<p class=\"has-medium-font-size\">&#8220;Bildung und Zusammenhalt f\u00f6rdern, Demokratie st\u00e4rken&#8221;&nbsp;\u2013 unter diesem Motto zeichnet Bundespr\u00e4sident Frank-Walter Steinmeier 23 Personen mit dem Verdienstorden der Bundesrepublik Deutschland aus. Die Ordensverleihung zum Tag der Deutschen Einheit findet am 9. Oktober um 11.00 Uhr in Schloss Bellevue statt.<\/p>\n\n\n\n<p class=\"has-medium-font-size\">Die 15 Frauen und 8 M\u00e4nner setzen sich in herausragender Weise f\u00fcr mehr Bildungsgerechtigkeit, moderne Wissensvermittlung und in der Elternarbeit ein. Sie sind in der Talentf\u00f6rderung aktiv und k\u00fcmmern sich um benachteiligte Kinder und Jugendliche. Die Geehrten greifen Fragen und Anliegen der jungen Generation auf, forschen zum Klimawandel, widmen sich der Integration von Zugewanderten und leisten humanit\u00e4re Hilfe in Deutschland und weltweit.<\/p>\n\n\n\n<h2 class=\"wp-block-heading\">Folgende B\u00fcrgerinnen und B\u00fcrger werden ausgezeichnet<\/h2>\n\n\n\n<p class=\"has-white-color has-text-color\">.<\/p>\n\n\n\n<h3 class=\"wp-block-heading has-medium-font-size\"><strong>Dominik Adolphy, Erkrath\/Nordrhein-Westfalen<\/strong><\/h3>\n\n\n\n<p class=\"has-medium-font-size\"><q>&#8220;Du-Ich-Wir&#8221;<\/q>&nbsp;\u2013 so lautet der Name des 2015 von Dominik Adolphy gegr\u00fcndeten Vereins, und er ist Programm: Kindern aus Zuwandererfamilien, aber auch allen anderen, die kommen wollen, bietet&nbsp;<q>&#8220;Du-Ich-Wir&#8221;<\/q>&nbsp;kostenlosen F\u00f6rderunterricht an. Mittlerweile werden mehr als 700 Sch\u00fclerinnen und Sch\u00fcler im gesamten Kreis Mettmann und in K\u00f6ln unterrichtet, gef\u00f6rdert und von der Grundschule bis zum Eintritt in Ausbildung und Beruf unterst\u00fctzt. Als w\u00e4hrend der Corona-Pandemie Lernfrust und die Menge des verpassten Schulstoffs immer gr\u00f6\u00dfer wurden, begann das Team, auch Ferienprogramme zu organisieren. Es f\u00fchrt diese bis heute fort. Seit Beginn des Angriffskrieges auf die Ukraine k\u00fcmmert sich der Verein mit speziellen <q>&#8220;Ankommenskursen&#8221;<\/q>&nbsp;um die von dort gefl\u00fcchteten Kinder. Chancengleichheit f\u00fcr alle jungen Menschen zu schaffen, ist ein gesamtgesellschaftliches Ziel. Es zu erreichen, dazu tr\u00e4gt Dominik Adolphy au\u00dferordentlich bei.<\/p>\n\n\n\n<h3 class=\"wp-block-heading has-medium-font-size\"><strong>Svenja Appuhn<\/strong>,<strong>&nbsp;Berlin, Kronberg im Taunus\/Hessen<\/strong><\/h3>\n\n\n\n<p class=\"has-medium-font-size\">Alle jungen Menschen haben das gleiche Recht auf Bildung. Svenja Appuhn hat bereits als Sch\u00fclerin in diesem Sinne gehandelt und voller Energie in der Sch\u00fclervertretung mitgearbeitet. Sie war Vorsitzende des Kreissch\u00fclerrates des Hochtaunuskreises und Landesschulsprecherin in Hessen. An ihrer ehemaligen Schule, dem Taunusgymnasium K\u00f6nigstein, wird sie bis heute als gro\u00dfes Vorbild gesehen. Bei einem Schulprojekt begann sie, das Kinderhilfswerk&nbsp;<q>&#8220;Childaid Network&#8221;<\/q>&nbsp;zu unterst\u00fctzen. Als 2015 Nepal von einem schweren Erdbeben ersch\u00fcttert wurde, mobilisierte sie 25.000 Sch\u00fclerinnen und Sch\u00fcler, um f\u00fcr den Aufbau von Schulen in Nepal zu sammeln. Als Medizinstudentin f\u00fchrt Svenja Appuhn heute ehrenamtlich Projekte im Auftrag von&nbsp;<q>&#8220;Childaid Network&#8221;<\/q>&nbsp;durch. Und dabei bel\u00e4sst sie es nicht. Seit Langem ist sie politisch engagiert, um das Bildungssystem in unserem Land voranzubringen.<\/p>\n\n\n\n<p class=\"has-medium-font-size\"><strong><abbr title=\"Doktor\">Dr.<\/abbr>&nbsp;Rub\u00e9n Martin C\u00e1rdenas Carbajal, Rostock\/Mecklenburg-Vorpommern<\/strong><\/p>\n\n\n\n<p class=\"has-medium-font-size\">Seit Jahrzehnten setzt sich Rub\u00e9n Martin C\u00e1rdenas Carbajal in Rostock f\u00fcr die Integration und Teilhabe von Zugewanderten ein. Dabei gilt er als einer der herausragenden Br\u00fcckenbauer \u2013 und dies weit \u00fcber seinen Wohnort hinaus. Mit gro\u00dfem Engagement wirkt er als Gesch\u00e4ftsf\u00fchrer des Migrantenrates Rostock. Rub\u00e9n Martin C\u00e1rdenas Carbajal ist aber auch in herausragender Weise ehrenamtlich aktiv. So hat er den F\u00f6rderverein des Migrantenrates initiiert, bringt mit dem Netzwerk&nbsp;<q>&#8220;Migranet-MV&#8221;<\/q>&nbsp;mehr als 70 Vereine in Mecklenburg-Vorpommern zusammen und hat den Dachverband der Migrantenorganisationen in den \u00f6stlichen Bundesl\u00e4ndern mit aufgebaut. Au\u00dferdem geh\u00f6rt er zu den Gr\u00fcndungsmitgliedern des Bundeszuwanderungs- und Integrationsrates. Rub\u00e9n Martin C\u00e1rdena Carbajal f\u00f6rdert vorbildlich ein friedliches Zusammenleben in unserem Land \u2013 und bietet mutig Rassismus in jeglicher Form die Stirn.<\/p>\n\n\n\n<h3 class=\"wp-block-heading has-medium-font-size\"><strong>Petra Densborn, Worms\/Rheinland-Pfalz<\/strong><\/h3>\n\n\n\n<p class=\"has-medium-font-size\"><q>&#8220;Keiner darf verloren gehen!&#8221;<\/q>&nbsp;\u2013 nach diesem Leitsatz handelt das Christliche Jugenddorfwerk Deutschland (CJD), eines der gr\u00f6\u00dften Bildungs- und Sozialwerke in unserem Land. Petra Densborn hat seit mehr als 30 Jahren diesen Leitsatz auch zu ihrer Maxime gemacht. Ohne zu z\u00f6gern, hat sie sich unmittelbar nach Beginn des Angriffskrieges auf die Ukraine der Schw\u00e4chsten angenommen. Dank ihres Einsatzes konnten 37 schwerstbehinderte Kinder eines Waisenhauses in der Ukraine mit ihren Betreuerinnen im G\u00e4stehaus des Berufsf\u00f6rderungswerks Koblenz, dessen Tr\u00e4ger das CJD ist, aufgenommen werden. Auch \u00fcber ihre T\u00e4tigkeit als Vorstand beim CJD hinaus ist Petra Densborn in zahlreichen Ehren\u00e4mtern aktiv, um zukunftsweisend den Bereich Jugendbildung voranzubringen \u2013 sei es als Vorstandsvorsitzende der Jugendstiftung Baden-W\u00fcrttemberg, im Vorstand des Bundesverbandes der beruflichen Bildungstr\u00e4ger oder im Vorstand der Bundesarbeitsgemeinschaft Evangelische Jugendsozialarbeit.<\/p>\n\n\n\n<p class=\"has-medium-font-size\"><strong>Mirko Drotschmann, Region Rheinhessen\/Rheinland-Pfalz<\/strong><\/p>\n\n\n\n<p class=\"has-medium-font-size\">Junge Menschen sind mit Begeisterung Follower von jemandem, der Schulstoff vermittelt? Mirko Drotschmann hat das geschafft. Sein 2012 gestarteter Kanal&nbsp;<q>&#8220;MrWissen2go&#8221;<\/q>&nbsp;vermittelt Allgemeinwissen, Geschichte und Politik \u2013 und dies so verst\u00e4ndlich wie spannend. Fast zwei Millionen sehen ihm bei seinen w\u00f6chentlichen Erkl\u00e4rungen des Weltgeschehens zu, und es gibt an den Schulen in unserem Land kaum einen jungen Menschen, der seine Erkl\u00e4rvideos zum Fach Geschichte nicht kennt. Dabei f\u00f6rdert Mirko Drotschmann stets auch das Wissen um demokratische Regeln und Werte. In der Schule werden seine digitalen Formate h\u00e4ufig zur Erg\u00e4nzung des Unterrichts genutzt. W\u00e4hrend der Corona-Pandemie waren seine kostenfreien Online-Angebote besonders wertvoll \u2013 f\u00fcr Lehrkr\u00e4fte, Eltern, Sch\u00fclerinnen und Sch\u00fcler.<\/p>\n\n\n\n<h3 class=\"wp-block-heading has-medium-font-size\"><strong><abbr title=\"Professor\">Prof.<\/abbr>&nbsp;<abbr title=\"Doktor\">Dr.<\/abbr>&nbsp;Y\u00fcksel Ekinci, Dortmund\/Nordrhein-Westfalen<\/strong><\/h3>\n\n\n\n<p class=\"has-medium-font-size\">Bildung beginnt mit der Geburt, und die ersten Lebensjahre pr\u00e4gen das weitere Leben ganz besonders. Y\u00fcksel Ekinci ist Professorin f\u00fcr Erziehung und Bildung im Kindesalter an der Hochschule Bielefeld und hat die \u00fcberaus wichtige fr\u00fchkindliche Bildung und Mehrsprachigkeit zu ihrem Forschungsschwerpunkt gemacht. Dabei ist sie keine blo\u00dfe Theoretikerin. Zuvor war sie Lehrerin an der&nbsp;<q>&#8220;Grundschule Kleine Kielstra\u00dfe&#8221;<\/q>&nbsp;im Dortmunder Norden. 2006 hat sie erheblich dazu beigetragen, dass diese Schule den ersten&nbsp;<q>&#8220;Deutschen Schulpreis&#8221;<\/q>&nbsp;erhalten hat. Entscheidend daf\u00fcr war ihr Konzept zur Elternarbeit an der Schule, an der mehr als drei Viertel der Familien eine Migrationsgeschichte haben. Dieses p\u00e4dagogische Konzept von Schule mit Elternarbeit hat Y\u00fcksel Ekinci fortentwickelt und dabei auch die F\u00f6rderung der Mehrsprachigkeit ins Zentrum ger\u00fcckt. Denn diese ist eine gro\u00dfe Chance f\u00fcr unsere Gesellschaft.<\/p>\n\n\n\n<h3 class=\"wp-block-heading has-medium-font-size\"><strong><abbr title=\"Professor\">Prof.<\/abbr>&nbsp;<abbr title=\"Doktor\">Dr.<\/abbr>&nbsp;Aladin El-Mafaalani, Dortmund\/Nordrhein-Westfalen<\/strong><\/h3>\n\n\n\n<p class=\"has-medium-font-size\">Der Soziologe, Publizist und Bildungsforscher ist eine der engagiertesten Stimmen in unserem Land, wenn es um das Bildungssystem geht. Dabei ist seine Devise: Pessimismus k\u00f6nnen wir uns nicht leisten. Ein zentrales Thema f\u00fcr Aladin El-Mafaalani ist Bildungsgerechtigkeit \u2013 oder aber Ungerechtigkeit. Als Professor f\u00fcr Erziehung und Bildung in der Migrationsgesellschaft an der Universit\u00e4t Osnabr\u00fcck forscht er dazu. In zahlreichen Gremien sorgt er mit seiner Fachexpertise daf\u00fcr, dass m\u00f6glichst viele Facetten des Themas Bildung wahrgenommen werden. Als ehrenamtlicher Beauftragter in Fragen des muslimischen Engagements in Nordrhein-Westfalen f\u00f6rdert er Teilhabe und Zusammenhalt und wirkt als Vermittler zwischen verschiedenen Positionen. Aladin El-Mafaalani schafft es, einem breiten Publikum zu vermitteln, wie wichtig es f\u00fcr eine Gesellschaft ist, alle jungen Menschen auf die Zukunft vorzubereiten. Damit ist er ein verdienstvoller Br\u00fcckenbauer in unserem vielf\u00e4ltigen Land.<\/p>\n\n\n\n<h3 class=\"wp-block-heading has-medium-font-size\"><strong>Serkan Eren, Stuttgart\/Baden-W\u00fcrttemberg<\/strong><\/h3>\n\n\n\n<p class=\"has-medium-font-size\">Als im Herbst 2015 immer mehr Menschen vor Krieg und Gewalt \u00fcber die Balkanroute fl\u00fcchteten, organisierte Serkan Eren zusammen mit einem Freund einen Spendentransport. Angesichts der schlimmen Lage der Gefl\u00fcchteten wollte er nicht tatenlos bleiben. Nach seiner R\u00fcckkehr gr\u00fcndete er einen Verein, aus dem die Hilfsorganisation&nbsp;<q>&#8220;Stelp&#8221;<\/q>&nbsp;hervorging. Der Name steht f\u00fcr&nbsp;<q>&#8220;Stuttgart helps&#8221;<\/q>&nbsp;und verweist auf die Heimatstadt von Serkan Eren, in der er viel Unterst\u00fctzung erf\u00e4hrt. Mit einem inzwischen internationalen Netzwerk von Ehrenamtlichen engagiert sich der Verein bei Katastrophen und Missst\u00e4nden an vielen Orten der Welt. Dabei nimmt sich&nbsp;<q>&#8220;Stelp&#8221;<\/q>&nbsp;besonders der Kinder an. Serkan Eren war unter anderem auch im Jemen, in der Ukraine und nach dem Erdbeben im Februar in der T\u00fcrkei aktiv. Seine Eins\u00e4tze sind oft gef\u00e4hrlich, aber sein Traum ist st\u00e4rker als jede Furcht: Alle Menschen sollen in W\u00fcrde und Sicherheit leben und ihre Zukunft selbst gestalten k\u00f6nnen.<\/p>\n\n\n\n<h3 class=\"wp-block-heading has-medium-font-size\"><strong>Gerda Hasselfeldt, F\u00fcrstenfeldbruck\/Bayern<\/strong><\/h3>\n\n\n\n<p class=\"has-medium-font-size\">Bereits mit 18 Jahren begann Gerda Hasselfeldt, sich politisch zu engagieren. Es folgte eine beeindruckende politische Karriere: \u00dcber zehn Jahre war sie kommunalpolitisch aktiv, und sie geh\u00f6rte von 1987 bis 2017 drei\u00dfig Jahre dem Deutschen Bundestag an. Dabei war sie als Frau oftmals Pionierin in Spitzen\u00e4mtern. Und auch nachdem sie ihre politische Arbeit beendet hat, h\u00f6rt sie nicht auf, sich in die Gesellschaft einzubringen. Seit 2017 ist Gerda Hasselfeldt \u2013 wiederum als erste Frau \u2013 Pr\u00e4sidentin des Deutschen Roten Kreuzes. Sie setzt sich dabei nicht nur f\u00fcr eine bessere Vorbereitung auf Krisenf\u00e4lle ein, sondern weist unerm\u00fcdlich auch auf deren Ursachen wie den Klimawandel und die Zunahme der extremen Wetterlagen hin. Das Deutsche Rote Kreuz ist eine der wichtigsten Institutionen der Bundesrepublik bei der Leistung humanit\u00e4rer Hilfe weltweit. Dass sich Gerda Hasselfeldt mit all ihrer Erfahrung in seinen Dienst gestellt hat, verdient Anerkennung und besonderen Dank.<\/p>\n\n\n\n<h3 class=\"wp-block-heading has-medium-font-size\"><strong>Cordula Heckmann, Berlin<\/strong><\/h3>\n\n\n\n<p class=\"has-medium-font-size\">Heute ist die R\u00fctli-Schule in Berlin-Neuk\u00f6lln ein Vorzeigemodell. Dass dies gelingen konnte, ist ganz besonders Cordula Heckmann zu verdanken. Als 2006 die R\u00fctli-Schule im ganzen Land als Problemfall bekannt wurde, \u00fcbernahm sie Verantwortung und wurde die erste Leiterin der neu gegr\u00fcndeten Gemeinschaftsschule Campus R\u00fctli. In ihrer Dienstzeit hat sie Richtungsweisendes auf den Weg gebracht: Auf dem Campus R\u00fctli werden heute junge Menschen vom Kindergartenalter bis zum Berufseintritt begleitet, und die Schule kooperiert eng mit Vereinen aus der Nachbarschaft. Ganz besonders wichtig war es Cordula Heckmann bei dem Ver\u00e4nderungsprozess, ihre Sch\u00fclerinnen und Sch\u00fcler zu ermutigen, Herkunft, famili\u00e4re Erfahrungen und eine interkulturelle Lebenswelt als Chance zu begreifen. Ihre Arbeit ist heute bundesweit Vorbild.<\/p>\n\n\n\n<h3 class=\"wp-block-heading has-medium-font-size\"><strong>Elisabeth Kunze, Bernau\/Brandenburg<\/strong><\/h3>\n\n\n\n<p class=\"has-medium-font-size\">Vor fast 30 Jahren gr\u00fcndete Elisabeth Kunze die&nbsp;<q>&#8220;Ukraine-Hilfe Lobetal&#8221;<\/q>, als sie h\u00f6rte, dass in einer Klinik in Charkiw Menschen an Hunger starben, weil Lebensmittel fehlten. Seitdem leitet sie den Verein, mit dem sie Hilfsg\u00fcter, medizinische Ger\u00e4te und Ausstattungen f\u00fcr soziale Einrichtungen sammelt und in die Ukraine bringt. Auch nach Beginn des Angriffskrieges auf die Ukraine schaffte sie es, dringend ben\u00f6tigte G\u00fcter in das Land zu transportieren und dort an die Partnerorganisationen zu \u00fcbergeben \u2013 bis heute jede Woche mindestens eine Lkw-Ladung. Die gef\u00e4hrlichen Fahrten \u00fcbernimmt Elisabeth Kunze immer wieder auch selbst. Ukrainischen Gefl\u00fcchteten hilft sie ganz direkt bei sich zu Hause. Dabei arbeitet sie mit der Anstaltskirchengemeinde Lobetal zusammen, deren Kirchenrat sie angeh\u00f6rt. Mit ihrem gro\u00dfen humanit\u00e4ren Wirken ist Elisabeth Kunze ein herausragendes Beispiel f\u00fcr gelebte Solidarit\u00e4t.<\/p>\n\n\n\n<h3 class=\"wp-block-heading has-medium-font-size\"><strong>Maresi Lassek, Stuhr\/Niedersachsen, Bremen<\/strong><\/h3>\n\n\n\n<p class=\"has-medium-font-size\">Grundschule als gemeinsamer Lernort f\u00fcr alle \u2013 das ist in Deutschland seit mehr als 100 Jahren geltender Auftrag an Politik und Institutionen. Als Leiterin der&nbsp;<q>&#8220;Grundschule am Pf\u00e4lzer Weg&#8221;<\/q>&nbsp;in Bremen-Tenever hat Maresi Lassek stark dazu beigetragen, dass Chancengleichheit nicht nur ein Ideal bleibt. Auf sie gehen heute bundesweit etablierte Projekte wie&nbsp;<q>&#8220;KESCH \u2013 Kinder, Eltern, Schule im Dialog&#8221;<\/q>&nbsp;zur\u00fcck, die sie in ihrer eigenen Grundschule initiiert hat. Diese liegt in einem Stadtteil, in dem mehrheitlich Familien mit Migrationsgeschichte leben und viele Eltern auf soziale Leistungen angewiesen sind. 2012 wurde ihre Schule mit dem Deutschen Schulpreis ausgezeichnet. Au\u00dferdem hat sich Maresi Lassek mit gro\u00dfem Engagement in die bundesweite Debatte \u00fcber die Weiterentwicklung der Grundschulen eingebracht. Sie war Landesvorsitzende des Grundschulverbandes in Bremen und von 2010 bis 2020 Bundesvorsitzende des Grundschulverbandes.<\/p>\n\n\n\n<h3 class=\"wp-block-heading has-medium-font-size\"><strong><abbr title=\"Professor\">Prof.<\/abbr>&nbsp;<abbr title=\"Doktor\">Dr.<\/abbr>&nbsp;Mojib Latif, Hamburg, Kiel\/Schleswig-Holstein<\/strong><\/h3>\n\n\n\n<p class=\"has-medium-font-size\">Mojib Latif geh\u00f6rt zu den bekanntesten Klimaforschern weltweit \u2013 und zu den ersten, die vor den Folgen des Klimawandels gewarnt haben. Er war Professor am GEOMAR Helmholtz-Zentrum f\u00fcr Ozeanforschung Kiel und wirkt seit seinem Eintritt in den Ruhestand weiterhin als Seniorprofessor an der Universit\u00e4t Kiel, um den Klimaschutz voranzubringen. Da Wissenschaft nicht Selbstzweck ist, hat er zu den Forschungsergebnissen immer wieder konkrete Vorschl\u00e4ge f\u00fcr eine Umsetzung gemacht. Stets hat er seine Expertise auch auf internationaler Ebene eingebracht, unter anderem als Mitautor der Berichte des Weltklimarates der Vereinten Nationen. Um die breite \u00d6ffentlichkeit zu erreichen, hat er in vielen B\u00fcchern den Klimawandel f\u00fcr alle verst\u00e4ndlich dargelegt. Denn Mojib Latif hat ein Ziel: Durch Bildung, Aufkl\u00e4rung und Information sollen alle dazu motiviert werden, \u00fcber das eigene Handeln nachzudenken.<\/p>\n\n\n\n<h3 class=\"wp-block-heading has-medium-font-size\"><strong><abbr title=\"Professor\">Prof.<\/abbr>&nbsp;<abbr title=\"Doktor\">Dr.<\/abbr>&nbsp;Harald Lesch, M\u00fcnchen\/Bayern<\/strong><\/h3>\n\n\n\n<p class=\"has-medium-font-size\">Forschung ist f\u00fcr Harald Lesch immer ein Abenteuer, und das vermittelt er einem Millionenpublikum \u2013 im Fernsehen, im Netz, in Schulen. Der Physik-Professor an der Ludwig-Maximilians-Universit\u00e4t M\u00fcnchen versteht es, komplexe Zusammenh\u00e4nge so darzustellen, dass auch Laien sie nachvollziehen k\u00f6nnen. Besonders bei jungen Menschen weckt er damit gro\u00dfes Interesse an Naturwissenschaften und motiviert sie dazu, Neues zu lernen und zu entdecken. In seinem Fokus steht ganz besonders der Klimawandel und dessen Folgen \u2013 das zentrale Zukunftsthema unserer Zeit. Immer wieder bringt sich Harald Lesch auch in die \u00f6ffentliche Bildungsdebatte ein. Seit vielen Jahren engagiert er sich zudem in der Lehrerfortbildung und mit Vortr\u00e4gen in Schulen. Dabei zeigt er stets, wie man Fake von Fakten unterscheidet, und st\u00e4rkt damit unsere Demokratie.<\/p>\n\n\n\n<h3 class=\"wp-block-heading has-medium-font-size\"><strong>Dorit Linke, Berlin<\/strong><\/h3>\n\n\n\n<p class=\"has-medium-font-size\">Das Interesse von jungen Menschen an j\u00fcngster Zeitgeschichte ist gro\u00df, dennoch wissen viele heute wenig \u00fcber das Leben und Aufwachsen in der&nbsp;DDR. Die Jugendbuchautorin Dorit Linke ist selbst in Rostock aufgewachsen und schreibt genau dar\u00fcber. Mit ihren B\u00fcchern l\u00e4sst sie ihre jungen Leserinnen und Leser Zeitgeschichte so authentisch wie lebendig erfahren. Ihre Werke sind Schullekt\u00fcre und einige werden auch als Theaterst\u00fccke aufgef\u00fchrt. Sie engagiert sich zudem als Zeitzeugin in der Bundesstiftung zur Aufarbeitung der&nbsp;SED-Diktatur. Ganz besonders setzt sich Dorit Linke f\u00fcr die Schreib- und Lesef\u00f6rderung ein und nutzt dabei auch die M\u00f6glichkeiten der modernen digitalen Welt. So erreicht sie viele junge Menschen, die nicht zum Buch greifen, und gewinnt sie doch f\u00fcr die Literatur.<\/p>\n\n\n\n<h3 class=\"wp-block-heading has-medium-font-size\"><strong>Joana Mallwitz, Berlin<\/strong><\/h3>\n\n\n\n<p class=\"has-medium-font-size\">Die Dirigentin wird f\u00fcr ihre so pr\u00e4zise wie inspirierte Arbeit auf den Konzertpodien der Welt gefeiert. 2014 ging Joana Mallwitz als damals j\u00fcngste Generalmusikdirektorin Europas an das Theater Erfurt, 2018 \u00fcbernahm sie diese Position am Staatstheater N\u00fcrnberg. Von Beginn ihrer Karriere an wurde sie f\u00fcr viele Gastdirigate engagiert. Die mehrfache&nbsp;<q>&#8220;Dirigentin des Jahres&#8221;<\/q>&nbsp;steht f\u00fcr die Zukunft der klassischen Musik mit ihrer universellen, v\u00f6lkerverbindenden Sprache. Angebote f\u00fcr Kinder und Jugendliche sind Joana Mallwitz ganz besonders wichtig. Geradezu Ber\u00fchmtheit erlangten ihre in N\u00fcrnberg begonnenen&nbsp;<q>&#8220;Expeditionskonzerte&#8221;<\/q>, die sie in Berlin als Leiterin des Konzerthausorchesters seit dieser Spielsaison weiterf\u00fchrt. Denn Joana Mallwitz will nicht nur allen Generationen die Scheu vor klassischer Musik nehmen, sondern auch vermitteln, wie sie sagt,&nbsp;<q>&#8220;was das f\u00fcr eine irre Freude sein kann, so eine Beethoven-Sinfonie anzuh\u00f6ren.&#8221;<\/q><\/p>\n\n\n\n<h3 class=\"wp-block-heading has-medium-font-size\"><strong><abbr title=\"Doktor\">Dr.<\/abbr>&nbsp;Marianne R\u00e4dle, Balingen\/Baden-W\u00fcrttemberg<\/strong><\/h3>\n\n\n\n<p class=\"has-medium-font-size\">Marianne R\u00e4dle ist eine der herausragenden Aktiven von&nbsp;<q>&#8220;Jugend forscht&#8221;<\/q>, der Nachwuchsinitiative in der Bundesrepublik Deutschland, die das kreative und forschende Lernen in den MINT-F\u00e4chern Mathematik, Informatik, Naturwissenschaften und Technik f\u00f6rdert. Seit bald 30 Jahren leitet sie Regional- und Landeswettbewerbe, koordiniert das Jugend-forscht-Netzwerk Baden-W\u00fcrttemberg, ist Ansprechpartnerin der Stiftung&nbsp;<q>&#8220;Jugend forscht&#8221;<\/q>&nbsp;\u2013 und dies alles ehrenamtlich. Dabei geht es ihr stets um die einzelnen Jungforschenden, und h\u00e4ufig begleitet und unterst\u00fctzt sie deren individuelle Entwicklung bis weit ins Studium, ins Berufsleben. Mit ihrem beispielgebenden Einsatz hat sich Marianne R\u00e4dle um die F\u00f6rderung \u00fcberaus vieler Talente verdient gemacht \u2013 und damit auch um die Zukunft unserer Gesellschaft.<\/p>\n\n\n\n<h3 class=\"wp-block-heading has-medium-font-size\"><strong><abbr title=\"Doktor\">Dr.<\/abbr>&nbsp;Manuela Richter-Werling, Leipzig\/Sachsen<\/strong><\/h3>\n\n\n\n<p class=\"has-medium-font-size\">Seit der Corona-Pandemie leiden immer mehr junge Menschen an den psychischen Folgen dieser Zeit. Manuela Richter-Werling hat den Verein&nbsp;<q>&#8220;Irrsinnig Menschlich&#8221;<\/q>&nbsp;mitgegr\u00fcndet, der Programme zur Aufkl\u00e4rung \u00fcber und Hilfe bei psychischen Erkrankungen anbietet. Unter ihrer Leitung wurde bereits vor Jahren das Projekt&nbsp;<q>&#8220;Verr\u00fcckt? Na und! Seelisch fit in der Schule&#8221;<\/q>&nbsp;konzipiert. Es hat das Ziel, junge Menschen zu sensibilisieren, genauer auf ihre Mitsch\u00fclerinnen und Mitsch\u00fcler zu achten und vorurteilsfrei Menschen mit psychischen Problemen zu begegnen. Der Verein hat mit seiner Arbeit bisher Schulen in elf Bundesl\u00e4ndern erreicht. Manuela Richter-Werling gibt mit ihrem verdienstvollen Wirken einer ganzen Generation Mut und die Hoffnung, auch in solchen Lebensphasen, die pers\u00f6nlich schwierig sind, verstanden zu werden.<\/p>\n\n\n\n<h3 class=\"wp-block-heading has-medium-font-size\"><strong>Andrea Schulz, Mannheim\/Baden-W\u00fcrttemberg<\/strong><\/h3>\n\n\n\n<p class=\"has-medium-font-size\"><q>&#8220;Freezone&#8221;<\/q>&nbsp;ist in Mannheim eine Anlaufstelle f\u00fcr junge Menschen, die auf der Stra\u00dfe leben. Dass dort seit mehr als 25 Jahren gro\u00dfe Hilfe geleistet wird, ist ganz besonders Andrea Schulz zu verdanken. Sie hat das von kirchlichen Einrichtungen und der Arbeiterwohlfahrt gegr\u00fcndete Projekt mit entwickelt und aufgebaut. Neben Hilfs- und \u00dcbernachtungsangeboten hat&nbsp;<q>&#8220;Freezone&#8221;<\/q>&nbsp;die&nbsp;<q>&#8220;Mannheimer Stra\u00dfenschule&#8221;<\/q>&nbsp;eingerichtet, in der ehrenamtliche Lehrkr\u00e4fte mit den jungen Menschen intensiv den Lernstoff erarbeiten, mit dem sie einen Schulabschluss erreichen k\u00f6nnen. Die Erfolgsquote der&nbsp;<q>&#8220;Mannheimer Stra\u00dfenschule&#8221;<\/q>&nbsp;ist sehr hoch, und dies motiviert die jungen Menschen auch, ihr Leben weiter in die Hand zu nehmen. Au\u00dferdem leistet&nbsp;<q>&#8220;Freezone&#8221;<\/q>&nbsp;in Zusammenarbeit mit dem Mannheimer Drogenverein in Schulen Pr\u00e4ventionsarbeit. Andrea Schulz ist nicht nur&nbsp;<q>&#8220;Frau der ersten Stunde&#8221;<\/q>, sondern auch Motor und Seele der Anlaufstelle.<\/p>\n\n\n\n<h3 class=\"wp-block-heading has-medium-font-size\"><strong>Cornelia Seifert, Lehesten\/Th\u00fcringen<\/strong><\/h3>\n\n\n\n<p class=\"has-medium-font-size\">Vorzeigeschulen findet man in unserem Land nicht nur in den Metropolen: Der kleine Ort Lehesten im Th\u00fcringer Wald hat eine Schule mit einem ganz besonderen Profil \u2013 und dies ma\u00dfgeblich dank Cornelia Seifert. Sie war Leiterin der&nbsp;<q>&#8220;Staatlichen Grundschule Karl Oertel&#8221;<\/q>, in der um die 50 Kinder unterrichtet werden. Da Lehesten an der deutsch-deutschen Grenze lag, hat sie sich unmittelbar nach der Wiedervereinigung daf\u00fcr stark gemacht, dass die Schule Regionalgeschichte schon den J\u00fcngsten nicht nur vermittelt, sondern sie auch an der Erinnerungsarbeit aktiv teilnehmen l\u00e4sst. Ihre Projekte wurden mehrfach ausgezeichnet. 2019 erreichte ihre Schule beim Geschichtswettbewerb des Bundespr\u00e4sidenten den dritten Platz \u2013 als einzige Grundschulgruppe unter den bundesweit Ausgezeichneten. Stets hat sich die heutige Ehrenb\u00fcrgerin auch ehrenamtlich in Lehesten engagiert, sei es bei der Erschlie\u00dfung des Nationalen Naturdenkmals Gr\u00fcnes Band oder im Kirchenchor. Cornelia Seifert zeigt, wie Zusammenhalt generationen\u00fcbergreifend gelebt werden kann.<\/p>\n\n\n\n<h3 class=\"wp-block-heading has-medium-font-size\"><strong>Neele Singh, Hamburg<\/strong><\/h3>\n\n\n\n<p class=\"has-medium-font-size\">Statt Anonymit\u00e4t kann es auch in einer Gro\u00dfstadt starken Zusammenhalt geben. Neele Singh zeigt dies an der Grundschule ihrer vier Kinder in Hamburg-Wilhelmsburg beispielgebend: Sie engagiert sich als Elternmentorin bei dem Hamburger Projekt&nbsp;<q>&#8220;Schulmentoren \u2013 Hand in Hand f\u00fcr starke Schulen&#8221;<\/q>. Neele Singh organisiert und leitet einen t\u00e4glichen Elterntreff, der eine Br\u00fccke zwischen der Schule und den ganz unterschiedlichen Elternh\u00e4usern baut. In vertrauensvoller Zusammenarbeit wird dort vieles erkl\u00e4rt, was f\u00fcr das Schulleben wichtig, aber oft nicht bekannt ist. Der Erfolg des Projekts spricht f\u00fcr sich. Und damit dieses Beispiel im wahrsten Sinne auch Schule macht, motiviert Neele Singh immer wieder Eltern, an anderen Schulen im ganzen Stadtteil mitzuarbeiten.<\/p>\n\n\n\n<h3 class=\"wp-block-heading has-medium-font-size\"><strong><abbr title=\"Professor\">Prof.<\/abbr>&nbsp;<abbr title=\"Doktor\">Dr.<\/abbr>&nbsp;Heike Solga, Berlin<\/strong><\/h3>\n\n\n\n<p class=\"has-medium-font-size\">Zum Thema Chancengleichheit arbeitete die Soziologin bereits w\u00e4hrend ihres Studiums in der&nbsp;DDR. Auch im wiedervereinigten Deutschland hat es sie nicht losgelassen: Heike Solga hat die Zusammenh\u00e4nge von Bildung, Arbeit und sozialer Ungleichheit zu ihrem Forschungsschwerpunkt gemacht. Seit Langem ist sie eine der national wie international renommiertesten Bildungsforscherinnen. Sie lehrt an der Freien Universit\u00e4t Berlin und ist Direktorin am Wissenschaftszentrum Berlin f\u00fcr Sozialforschung. Als eine der Ersten hat sie sich um Jugendliche ohne Berufsausbildung gek\u00fcmmert, und sie hat mit Weitblick aufgezeigt, wie wichtig Chancengerechtigkeit f\u00fcr den Zusammenhalt unserer Gesellschaft ist. Bei blo\u00dfer Theorie hat es Heike Solga aber nie belassen: Die Wissenschaftlerin zeichnet besonders aus, dass sie stets klar macht, wo gehandelt werden muss und wie ihre Forschungsergebnisse praxisnah umgesetzt werden k\u00f6nnen.<\/p>\n\n\n\n<h3 class=\"wp-block-heading has-medium-font-size\"><strong>Andreas Steinh\u00f6fel, Biedenkopf\/Hessen<\/strong><\/h3>\n\n\n\n<p class=\"has-medium-font-size\">Die B\u00fccher von Andreas Steinh\u00f6fel werden im In- und Ausland, zu Hause und in Schulen gelesen, oft regelrecht verschlungen. Mit dem unterschiedlichen Freundespaar&nbsp;<q>&#8220;Rico und Oskar&#8221;<\/q>&nbsp;hat er zwei der seit Jahren bekanntesten Kinderbuchhelden geschaffen. Die beiden geh\u00f6ren zur vielgestaltigen Welt seiner Figuren, die oftmals Au\u00dfenseiter oder Benachteiligte sind. Voller Empathie und Sinn f\u00fcr Spannung erz\u00e4hlt Andreas Steinh\u00f6fel die Geschichten dieser Alltagshelden, mit denen er junge Menschen ermutigt, an sich selbst zu glauben. Dabei macht er seinen jungen \u2013 wie auch den zahlreichen erwachsenen \u2013 Leserinnen und Lesern die Bedeutung von Werten wie Toleranz und Weltoffenheit eindringlich klar. Als erster Kinderbuchautor wurde Andreas Steinh\u00f6fel in die Deutsche Akademie f\u00fcr Sprache und Dichtung aufgenommen. Immer wieder engagiert er sich auch ehrenamtlich und h\u00e4lt Lesungen in Schulen wie auch in Altenheimen und auf Pflegestationen. Denn solidarisch zu sein, ist nicht nur ein Charakterzug seiner B\u00fccherhelden.<\/p>\n\n\n\n<p><a href=\"https:\/\/www.bundespraesident.de\/SharedDocs\/Berichte\/DE\/Frank-Walter-Steinmeier\/2023\/10\/231009-Verdienstorden-TdDE.html\" target=\"_blank\" rel=\"noopener\">www.bundespraesident.de: Der Bundespr\u00e4sident \/ Reisen und Termine \/ Ordensverleihung zum Tag der Deutschen Einheit<\/a><\/p>\n\n\n\n<h2 class=\"wp-block-heading\">Schreibworkshops zur Politischen Bildung von Dorit Linke<\/h2>\n\n\n\n<p><\/p>\n\n\n\n<figure class=\"wp-block-image size-large\"><a href=\"https:\/\/dorit-linke.de\/schreibworkshops-zur-politischen-bildung\/\" target=\"_blank\" rel=\"noreferrer noopener\"><img loading=\"lazy\" decoding=\"async\" width=\"1024\" height=\"683\" src=\"https:\/\/dorit-linke.de\/wp-content\/uploads\/2022\/10\/Ethik-1024x683.jpg\" alt=\"Schreibworkshop\" class=\"wp-image-6152\" srcset=\"https:\/\/dorit-linke.de\/wp-content\/uploads\/2022\/10\/Ethik-1024x683.jpg 1024w, https:\/\/dorit-linke.de\/wp-content\/uploads\/2022\/10\/Ethik-300x200.jpg 300w, https:\/\/dorit-linke.de\/wp-content\/uploads\/2022\/10\/Ethik-768x512.jpg 768w, https:\/\/dorit-linke.de\/wp-content\/uploads\/2022\/10\/Ethik-1536x1024.jpg 1536w, https:\/\/dorit-linke.de\/wp-content\/uploads\/2022\/10\/Ethik-2048x1365.jpg 2048w\" sizes=\"auto, (max-width: 1024px) 100vw, 1024px\" \/><\/a><figcaption class=\"wp-element-caption\">Schreibworkshop<\/figcaption><\/figure>\n\n\n\n<p>#Bundesverdienstkreuz<br>#DoritLinke<\/p>\n","protected":false},"excerpt":{"rendered":"<p>Die 15 Minuten Ruhm, frei nach Andy Warhol, trafen heute: mich. Kaum zu glauben, doch es gibt den unwiderlegbaren Beweis:&hellip;<\/p>\n","protected":false},"author":1,"featured_media":7460,"comment_status":"closed","ping_status":"closed","sticky":false,"template":"","format":"standard","meta":{"_monsterinsights_skip_tracking":false,"_monsterinsights_sitenote_active":false,"_monsterinsights_sitenote_note":"","_monsterinsights_sitenote_category":0,"footnotes":""},"categories":[85,436],"tags":[482,483,15,127,97,41,168,52,17,42,484,58,486,485],"class_list":["post-7067","post","type-post","status-publish","format-standard","has-post-thumbnail","hentry","category-politische-bildung","category-ddr","tag-bellevue","tag-bundespraesident","tag-ddr","tag-ddr-literatur","tag-demokratie","tag-dorit-linke","tag-jugendliteratur","tag-lesungen","tag-ostdeutschland","tag-politische-bildung","tag-schreibworkshops","tag-schullektuere","tag-verdienstkreuz","tag-verdienstorden"],"_links":{"self":[{"href":"https:\/\/dorit-linke.de\/en\/wp-json\/wp\/v2\/posts\/7067","targetHints":{"allow":["GET"]}}],"collection":[{"href":"https:\/\/dorit-linke.de\/en\/wp-json\/wp\/v2\/posts"}],"about":[{"href":"https:\/\/dorit-linke.de\/en\/wp-json\/wp\/v2\/types\/post"}],"author":[{"embeddable":true,"href":"https:\/\/dorit-linke.de\/en\/wp-json\/wp\/v2\/users\/1"}],"replies":[{"embeddable":true,"href":"https:\/\/dorit-linke.de\/en\/wp-json\/wp\/v2\/comments?post=7067"}],"version-history":[{"count":47,"href":"https:\/\/dorit-linke.de\/en\/wp-json\/wp\/v2\/posts\/7067\/revisions"}],"predecessor-version":[{"id":7459,"href":"https:\/\/dorit-linke.de\/en\/wp-json\/wp\/v2\/posts\/7067\/revisions\/7459"}],"wp:featuredmedia":[{"embeddable":true,"href":"https:\/\/dorit-linke.de\/en\/wp-json\/wp\/v2\/media\/7460"}],"wp:attachment":[{"href":"https:\/\/dorit-linke.de\/en\/wp-json\/wp\/v2\/media?parent=7067"}],"wp:term":[{"taxonomy":"category","embeddable":true,"href":"https:\/\/dorit-linke.de\/en\/wp-json\/wp\/v2\/categories?post=7067"},{"taxonomy":"post_tag","embeddable":true,"href":"https:\/\/dorit-linke.de\/en\/wp-json\/wp\/v2\/tags?post=7067"}],"curies":[{"name":"wp","href":"https:\/\/api.w.org\/{rel}","templated":true}]}}