{"id":8480,"date":"2026-09-04T10:51:01","date_gmt":"2026-09-04T09:51:01","guid":{"rendered":"https:\/\/dorit-linke.de\/?p=8480"},"modified":"2026-09-04T11:02:22","modified_gmt":"2026-09-04T10:02:22","slug":"empfehlungsliste-demokratie","status":"publish","type":"post","link":"https:\/\/dorit-linke.de\/en\/blog\/2026\/09\/04\/empfehlungsliste-demokratie\/","title":{"rendered":"Empfehlungsliste Demokratie"},"content":{"rendered":"\n<h2 class=\"wp-block-heading has-medium-font-size\">Empfehlungsliste Demokratie der Deutschen Akademie f\u00fcr Kinder- und Jugendliteratur<\/h2>\n\n\n\n<p class=\"has-medium-font-size wp-block-paragraph\">&#8220;So leicht kommen wir nicht davon&#8221; ist auf der Empfehlungsliste &#8220;F\u00fcr Demokratie, Freiheit und ein friedliches Miteinander&#8221; der Deutschen Akademie f\u00fcr Kinder- und Jugendliteratur und der Landesfachstelle f\u00fcr B\u00fcchereien und Bildung im Sankt Michaelsbund.<\/p>\n\n\n<div class=\"wp-block-image\">\n<figure class=\"aligncenter size-large is-resized\"><a href=\"https:\/\/dorit-linke.de\/wp-content\/uploads\/2026\/03\/So-leicht-kommen-wir-nicht-davon.png\" target=\"_blank\" rel=\" noopener\"><img loading=\"lazy\" decoding=\"async\" width=\"819\" height=\"1024\" src=\"https:\/\/dorit-linke.de\/wp-content\/uploads\/2026\/03\/So-leicht-kommen-wir-nicht-davon-819x1024.png\" alt=\"\" class=\"wp-image-8057\" style=\"aspect-ratio:0.7998210119218845;width:192px;height:auto\" srcset=\"https:\/\/dorit-linke.de\/wp-content\/uploads\/2026\/03\/So-leicht-kommen-wir-nicht-davon-819x1024.png 819w, https:\/\/dorit-linke.de\/wp-content\/uploads\/2026\/03\/So-leicht-kommen-wir-nicht-davon-240x300.png 240w, https:\/\/dorit-linke.de\/wp-content\/uploads\/2026\/03\/So-leicht-kommen-wir-nicht-davon-768x960.png 768w, https:\/\/dorit-linke.de\/wp-content\/uploads\/2026\/03\/So-leicht-kommen-wir-nicht-davon-1229x1536.png 1229w, https:\/\/dorit-linke.de\/wp-content\/uploads\/2026\/03\/So-leicht-kommen-wir-nicht-davon-1638x2048.png 1638w, https:\/\/dorit-linke.de\/wp-content\/uploads\/2026\/03\/So-leicht-kommen-wir-nicht-davon.png 1890w\" sizes=\"auto, (max-width: 819px) 100vw, 819px\" \/><\/a><\/figure>\n<\/div>\n\n\n<p class=\"has-medium-font-size wp-block-paragraph\">Viele tolle Kolleg:innen sind mit dabei, so J\u00f6rg Bernardy, Nini Alaska, R\u00fcdiger Bertram, Simon Strau\u00df, Stefanie Taschinski und Holly-Jane Rahlens.<\/p>\n\n\n\n<p class=\"has-medium-font-size wp-block-paragraph\">Ich freue mich sehr \u00fcber die Empfehlung von &#8220;So leicht kommen wir nicht davon&#8221;. Vielen vielen Dank an die Akademie. <\/p>\n\n\n\n<p class=\"has-medium-font-size wp-block-paragraph\">&#8220;Die B\u00fccher dieser Auswahl erz\u00e4hlen von Momenten der Freiheit und ihrer Bedrohung, von Freundschaft und Fremdheit, von Flucht und Ankommen, von Krieg, Verfolgung und Entrechtung. Sie f\u00fchren zur\u00fcck in die Geschichte und mitten in die Gegenwart. Sie erz\u00e4hlen von Menschen, die sich zwischen Anpassung und Widerspruch entscheiden mussten. Im Zentrum steht dabei die einfache, aber so anspruchsvolle Frage: Wie wollen wir miteinander leben?&#8221; <\/p>\n\n\n\n<p class=\"has-medium-font-size wp-block-paragraph\">B\u00fccher zeigen Wege der Verst\u00e4ndigung. Sie lassen uns andere Erfahrungen teilen, ohne sie selbst erlebt haben zu m\u00fcssen. Sie \u00f6ffnen Perspektiven, wo sich Wahrnehmungen verh\u00e4rten, und schaffen Raum f\u00fcr Zweifel, Urteilskraft und Empathie. Das ist gerade jetzt von gro\u00dfer Bedeutung: Wenn gesellschaftliche Debatten sch\u00e4rfer werden, einfache Antworten Konjunktur haben und die Versuchung w\u00e4chst, die Welt in ein \u201eWir\u201c und \u201edie anderen\u201c zu teilen. <\/p>\n\n\n\n<p class=\"has-medium-font-size wp-block-paragraph\">Die folgenden B\u00fccher setzen dieser Vereinfachung Geschichten entgegen. Sie machen Mut, worauf eine freie Gesellschaft angewiesen ist: Auf Menschen, die ihre eigene Freiheit nicht gegen die Freiheit anderer verteidigen, sondern beides im Alltag, im Gespr\u00e4ch und im gemeinsamen Leben zusammendenken.<\/p>\n\n\n\n<p class=\"has-medium-font-size wp-block-paragraph\">Hier gehts zu den empfohlenen B\u00fcchern.<\/p>\n\n\n<div class=\"wp-block-image\">\n<figure class=\"aligncenter size-full\"><a href=\"https:\/\/www.akademie-kjl.de\/buch-app-empfehlungen\/extrablatt\/\" target=\"_blank\" rel=\" noopener\"><img loading=\"lazy\" decoding=\"async\" width=\"200\" height=\"200\" src=\"https:\/\/dorit-linke.de\/wp-content\/uploads\/2026\/09\/SiegelExtrablatt_2019_RGB_klein-200x200-1.jpg\" alt=\"Demokratie\" class=\"wp-image-8482\" srcset=\"https:\/\/dorit-linke.de\/wp-content\/uploads\/2026\/09\/SiegelExtrablatt_2019_RGB_klein-200x200-1.jpg 200w, https:\/\/dorit-linke.de\/wp-content\/uploads\/2026\/09\/SiegelExtrablatt_2019_RGB_klein-200x200-1-150x150.jpg 150w\" sizes=\"auto, (max-width: 200px) 100vw, 200px\" \/><\/a><\/figure>\n<\/div>\n\n\n<p class=\"has-medium-font-size wp-block-paragraph\"><a href=\"https:\/\/www.akademie-kjl.de\/buch-app-empfehlungen\/extrablatt\/\" target=\"_blank\" rel=\"noreferrer noopener\">EXTRABLATT Archive &#8211; Deutsche Akademie f\u00fcr Kinder- und Jugendliteratur<\/a><\/p>\n\n\n\n<p class=\"wp-block-paragraph\">#buchempfehlungen<br>#Demokratie<br>#Soleichtkommenwirnichtdavon<\/p>\n\n\n\n<p class=\"wp-block-paragraph\"><\/p>\n","protected":false},"excerpt":{"rendered":"<p>Empfehlungsliste Demokratie der Deutschen Akademie f\u00fcr Kinder- und Jugendliteratur &#8220;So leicht kommen wir nicht davon&#8221; ist auf der Empfehlungsliste &#8220;F\u00fcr&hellip;<\/p>\n","protected":false},"author":1,"featured_media":8482,"comment_status":"closed","ping_status":"closed","sticky":false,"template":"","format":"standard","meta":{"_monsterinsights_skip_tracking":false,"_monsterinsights_sitenote_active":false,"_monsterinsights_sitenote_note":"","_monsterinsights_sitenote_category":0,"footnotes":""},"categories":[443],"tags":[],"class_list":["post-8480","post","type-post","status-publish","format-standard","has-post-thumbnail","hentry","category-buecher"],"_links":{"self":[{"href":"https:\/\/dorit-linke.de\/en\/wp-json\/wp\/v2\/posts\/8480","targetHints":{"allow":["GET"]}}],"collection":[{"href":"https:\/\/dorit-linke.de\/en\/wp-json\/wp\/v2\/posts"}],"about":[{"href":"https:\/\/dorit-linke.de\/en\/wp-json\/wp\/v2\/types\/post"}],"author":[{"embeddable":true,"href":"https:\/\/dorit-linke.de\/en\/wp-json\/wp\/v2\/users\/1"}],"replies":[{"embeddable":true,"href":"https:\/\/dorit-linke.de\/en\/wp-json\/wp\/v2\/comments?post=8480"}],"version-history":[{"count":6,"href":"https:\/\/dorit-linke.de\/en\/wp-json\/wp\/v2\/posts\/8480\/revisions"}],"predecessor-version":[{"id":8498,"href":"https:\/\/dorit-linke.de\/en\/wp-json\/wp\/v2\/posts\/8480\/revisions\/8498"}],"wp:featuredmedia":[{"embeddable":true,"href":"https:\/\/dorit-linke.de\/en\/wp-json\/wp\/v2\/media\/8482"}],"wp:attachment":[{"href":"https:\/\/dorit-linke.de\/en\/wp-json\/wp\/v2\/media?parent=8480"}],"wp:term":[{"taxonomy":"category","embeddable":true,"href":"https:\/\/dorit-linke.de\/en\/wp-json\/wp\/v2\/categories?post=8480"},{"taxonomy":"post_tag","embeddable":true,"href":"https:\/\/dorit-linke.de\/en\/wp-json\/wp\/v2\/tags?post=8480"}],"curies":[{"name":"wp","href":"https:\/\/api.w.org\/{rel}","templated":true}]}}